{"id":76,"date":"2011-08-26T14:08:00","date_gmt":"2011-08-26T14:08:00","guid":{"rendered":"http:\/\/www.portamondial.com\/blog\/experten-empfehlen-porta-mondial-immobilien-franchise\/"},"modified":"2011-08-26T14:08:00","modified_gmt":"2011-08-26T14:08:00","slug":"experten-empfehlen-porta-mondial-immobilien-franchise","status":"publish","type":"post","link":"https:\/\/www.homes-holiday.com\/de\/experten-empfehlen-porta-mondial-immobilien-franchise\/","title":{"rendered":"Experten empfehlen Porta Mondial Immobilien Franchise"},"content":{"rendered":"<figure class=\"wp-caption alignleft\" ><img loading=\"lazy\" decoding=\"async\" class=\"picright \" title=\"Teilnehmer des Immobilientags\" src=\"https:\/\/www.homes-holiday.com\/de\/wp-content\/uploads\/teilnehmer-ivdwest-saarbruecken.jpg\" alt=\"Teilnehmer des Immobilientags\" width=\"300\" height=\"200\" \/><figcaption class=\"wp-caption-text\">Teilnehmer des Immobilientags lauschen den Vortr\u00e4gen<\/figcaption><\/figure>\n<p>Krefeld, Saarbr\u00fccken 22. August 2011. Die \u201eExistenzgr\u00fcnderb\u00f6rse\u201c am 20. August in Saarbr\u00fccken informierte \u00fcber Chancen und Risiken, sich in der Immobilienbranche selbstst\u00e4ndig zu machen.<\/p>\n<p>Der Maklerberuf verliert zunehmend seinen \u201eMakel\u201c, die Immobilienbranche z\u00e4hlt mittlerweile nicht nur zu den bedeutendsten Wirtschaftszweigen in Deutschland, sondern auch zu den beliebtesten bei der Berufswahl.<\/p>\n<p>G\u00fcnter Brittnacher, Leiter der Europ\u00e4ischen Immobilienakademie (EIA) in Saarbr\u00fccken, dem Ausbildungshaus des Branchenverbands IVD, best\u00e4tigt diesen Trend: \u201eSeit 2009 steigen unsere Lehrgangsteilnehmerzahlen kontinuierlich.\u201c Hauptgrund liegt f\u00fcr den Akademieleiter vor allem darin, dass die<\/p>\n<blockquote><p>\u201ePerspektive f\u00fcr einen gesicherten Lebensunterhalt einfach besser ist als in vielen anderen Branchen\u201c.<\/p><\/blockquote>\n<p>Auch f\u00fcr Existenzgr\u00fcnder ist die Immobilienwirtschaft \u00e4u\u00dferst attraktiv, weshalb die Europ\u00e4ische Immobilienakademie allj\u00e4hrlich eine \u201eExistenzgr\u00fcnderb\u00f6rse\u201c veranstaltet, auf der sich k\u00fcnftige Immobilienmakler auf Fachvortr\u00e4gen \u00fcber ihre Wunschbranche n\u00e4her informieren k\u00f6nnen und aus erster Hand von Branchenexperten erfahren, was auf dem Weg in die Selbst\u00e4ndigkeit zu beachten ist.<\/p>\n<figure class=\"wp-caption alignleft\" ><img loading=\"lazy\" decoding=\"async\" class=\"picleft \" title=\"Zielkundenansprache und Wahrnehmungstypologien f\u00fcr Immobilienmakler\" src=\"https:\/\/www.homes-holiday.com\/de\/wp-content\/uploads\/stefan-albert-robert-c-spies.jpg\" alt=\"Sven Johns, Bundesgesch\u00e4ftsf\u00fchrer des IVD\" width=\"300\" height=\"200\" \/><figcaption class=\"wp-caption-text\">Zielkundenansprache und Wahrnehmungstypologien f\u00fcr Immobilienmakler<\/figcaption><\/figure>\n<p>Die <a title=\"Existenzgr\u00fcnderb\u00f6rse 2011\" href=\"https:\/\/www.portamondial.com\/de\/blog\/72-existenzgruendertag-fuer-immobilienmakler.html\">Existenzgr\u00fcnderb\u00f6rse 2011<\/a> fand am 20. August statt und war gut besucht. Rund 100 Teilnehmer kamen nach Saarbr\u00fccken, um hochkar\u00e4tige Referenten wie zum Beispiel Sven Johns, Bundesgesch\u00e4ftsf\u00fchrer des IVD, zu h\u00f6ren.<\/p>\n<p>Da in den letzten Jahren auf dem deutschen Markt die Immobilien Franchise-Systeme zunehmend an Bedeutung gewinnen, wurde auch diese Form der Selbstst\u00e4ndigkeit ausf\u00fchrlich behandelt. Stefan Albert, gesch\u00e4ftsf\u00fchrender Gesellschafter der Robert C. Spies Gewerbe und Investment GmbH &amp; Co. KG pr\u00e4sentierte und analysierte im Rahmen seines Vortrages \u201eExistenzgr\u00fcndung im Franchise\u201c drei Immobilien Franchise-Systeme, darunter das Porta Mondial Immobilien Franchise.<\/p>\n<p>F\u00fcr Stefan Albert waren professioneller Know-how Transfer sowie die umfangreichen Marketingleistungen der Franchise-Systeme die beiden Hauptvorteile, sich bei dem Schritt in die Selbstst\u00e4ndigkeit einen starken Partner zu suchen. Bei Porta Mondial \u00fcberzeugen nach Ansicht des Experten vor allem das systemeigene <a title=\"Immobilienshop\" href=\"https:\/\/www.portamondial.com\/de\/immobilienshop\/\">Shopkonzept<\/a> sowie die gelungene Integration des Internets als Hauptmedium in der Immobilienvermarktung.<\/p>\n<blockquote><p>\u201eEin attraktives Angebot, das auch f\u00fcr bestehende Makler interessant ist, die sich \u00fcberlegen, einer wachstumsstarken Marke anzuschlie\u00dfen\u201c,<\/p><\/blockquote>\n<p>stellte Stefan Albert fest. Da das urspr\u00fcnglich aus Spanien kommende System erst seit 2010 auf dem deutschen Markt ist, sind auch noch viele <a title=\"Standorte\" href=\"https:\/\/www.portamondial.com\/de\/standorte\/\">attraktive Lizenzgebiete<\/a> frei, w\u00e4hrend andere Franchiseketten wie Engel&amp;V\u00f6lkers vor allem in Ballungsr\u00e4umen kaum noch freie Lizenzen bieten. <strong>Teilnehmende Branchenexperten sahen ein enormes Wachstumspotenzial f\u00fcr die Zukunft.<\/strong><\/p>\n<p>Mehr Informationen \u00fcber die Vortr\u00e4ge auf der \u201eExistenzgr\u00fcnderb\u00f6rse\u201c und den \u201eImmobilientag des IVD West\u201c am Vortag erhalten Sie unter <a title=\"R\u00fcckblick auf die Veranstaltung\" href=\"https:\/\/www.portamondial.com\/de\/blog\/74-rueckblick-auf-den-immobilientag-des-ivd-west-und-die-existenzgruenderboerse-der-eia.html\">&#8222;R\u00fcckblick auf den Immobilientag des IVD West und die Existenzgr\u00fcnderb\u00f6rse der EIA&#8220;<\/a>.<\/p>\n","protected":false},"excerpt":{"rendered":"<p>Krefeld, Saarbr\u00fccken 22. August 2011. Die \u201eExistenzgr\u00fcnderb\u00f6rse\u201c am 20. August in Saarbr\u00fccken informierte \u00fcber Chancen und Risiken, sich in der Immobilienbranche selbstst\u00e4ndig zu machen. Der Maklerberuf verliert zunehmend seinen \u201eMakel\u201c, die Immobilienbranche z\u00e4hlt mittlerweile nicht nur zu den bedeutendsten Wirtschaftszweigen in Deutschland, sondern auch zu den beliebtesten bei der Berufswahl. G\u00fcnter Brittnacher, Leiter der Europ\u00e4ischen [&hellip;]<\/p>\n","protected":false},"author":2,"featured_media":0,"comment_status":"open","ping_status":"open","sticky":false,"template":"","format":"standard","meta":{"footnotes":""},"categories":[67],"tags":[],"class_list":["post-76","post","type-post","status-publish","format-standard","hentry","category-franchise"],"yoast_head":"<!-- This site is optimized with the Yoast SEO plugin v23.7 - https:\/\/yoast.com\/wordpress\/plugins\/seo\/ -->\n<title>Experten empfehlen Porta Mondial Immobilien Franchise<\/title>\n<meta name=\"description\" content=\"Die \u201eExistenzgr\u00fcnderb\u00f6rse\u201c am 20. August in Saarbr\u00fccken informierte \u00fcber Chancen und Risiken, sich in der Immobilienbranche selbstst\u00e4ndig zu machen.\" \/>\n<meta name=\"robots\" content=\"index, follow, max-snippet:-1, max-image-preview:large, max-video-preview:-1\" \/>\n<link rel=\"canonical\" href=\"https:\/\/www.homes-holiday.com\/de\/experten-empfehlen-porta-mondial-immobilien-franchise\/\" \/>\n<meta property=\"og:locale\" content=\"de_DE\" \/>\n<meta property=\"og:type\" content=\"article\" \/>\n<meta property=\"og:title\" content=\"Experten empfehlen Porta Mondial Immobilien Franchise\" \/>\n<meta property=\"og:description\" content=\"Die \u201eExistenzgr\u00fcnderb\u00f6rse\u201c am 20. August in Saarbr\u00fccken informierte \u00fcber Chancen und Risiken, sich in der Immobilienbranche selbstst\u00e4ndig zu machen.\" \/>\n<meta property=\"og:url\" content=\"https:\/\/www.homes-holiday.com\/de\/experten-empfehlen-porta-mondial-immobilien-franchise\/\" \/>\n<meta property=\"og:site_name\" content=\"Homes &amp; Holiday AG\" \/>\n<meta property=\"article:published_time\" content=\"2011-08-26T14:08:00+00:00\" \/>\n<meta property=\"og:image\" content=\"https:\/\/www.homes-holiday.com\/de\/wp-content\/uploads\/teilnehmer-ivdwest-saarbruecken.jpg\" \/>\n<meta name=\"author\" content=\"Ulrike Eschenbecher\" \/>\n<meta name=\"twitter:card\" content=\"summary_large_image\" \/>\n<meta name=\"twitter:label1\" content=\"Verfasst von\" \/>\n\t<meta name=\"twitter:data1\" content=\"Ulrike Eschenbecher\" \/>\n\t<meta name=\"twitter:label2\" content=\"Gesch\u00e4tzte Lesezeit\" \/>\n\t<meta name=\"twitter:data2\" content=\"2\u00a0Minuten\" \/>\n<script type=\"application\/ld+json\" class=\"yoast-schema-graph\">{\"@context\":\"https:\/\/schema.org\",\"@graph\":[{\"@type\":\"WebPage\",\"@id\":\"https:\/\/www.homes-holiday.com\/de\/experten-empfehlen-porta-mondial-immobilien-franchise\/\",\"url\":\"https:\/\/www.homes-holiday.com\/de\/experten-empfehlen-porta-mondial-immobilien-franchise\/\",\"name\":\"Experten empfehlen Porta Mondial Immobilien Franchise\",\"isPartOf\":{\"@id\":\"https:\/\/www.homes-holiday.com\/de\/#website\"},\"primaryImageOfPage\":{\"@id\":\"https:\/\/www.homes-holiday.com\/de\/experten-empfehlen-porta-mondial-immobilien-franchise\/#primaryimage\"},\"image\":{\"@id\":\"https:\/\/www.homes-holiday.com\/de\/experten-empfehlen-porta-mondial-immobilien-franchise\/#primaryimage\"},\"thumbnailUrl\":\"https:\/\/www.homes-holiday.com\/de\/wp-content\/uploads\/teilnehmer-ivdwest-saarbruecken.jpg\",\"datePublished\":\"2011-08-26T14:08:00+00:00\",\"dateModified\":\"2011-08-26T14:08:00+00:00\",\"author\":{\"@id\":\"https:\/\/www.homes-holiday.com\/de\/#\/schema\/person\/5d75984bdaf4db548b611c0475e777b0\"},\"description\":\"Die \u201eExistenzgr\u00fcnderb\u00f6rse\u201c am 20. August in Saarbr\u00fccken informierte \u00fcber Chancen und Risiken, sich in der Immobilienbranche selbstst\u00e4ndig zu machen.\",\"breadcrumb\":{\"@id\":\"https:\/\/www.homes-holiday.com\/de\/experten-empfehlen-porta-mondial-immobilien-franchise\/#breadcrumb\"},\"inLanguage\":\"de\",\"potentialAction\":[{\"@type\":\"ReadAction\",\"target\":[\"https:\/\/www.homes-holiday.com\/de\/experten-empfehlen-porta-mondial-immobilien-franchise\/\"]}]},{\"@type\":\"ImageObject\",\"inLanguage\":\"de\",\"@id\":\"https:\/\/www.homes-holiday.com\/de\/experten-empfehlen-porta-mondial-immobilien-franchise\/#primaryimage\",\"url\":\"https:\/\/www.homes-holiday.com\/de\/wp-content\/uploads\/teilnehmer-ivdwest-saarbruecken.jpg\",\"contentUrl\":\"https:\/\/www.homes-holiday.com\/de\/wp-content\/uploads\/teilnehmer-ivdwest-saarbruecken.jpg\",\"width\":600,\"height\":400},{\"@type\":\"BreadcrumbList\",\"@id\":\"https:\/\/www.homes-holiday.com\/de\/experten-empfehlen-porta-mondial-immobilien-franchise\/#breadcrumb\",\"itemListElement\":[{\"@type\":\"ListItem\",\"position\":1,\"name\":\"Startseite\",\"item\":\"https:\/\/www.homes-holiday.com\/de\/\"},{\"@type\":\"ListItem\",\"position\":2,\"name\":\"Experten empfehlen Porta Mondial Immobilien Franchise\"}]},{\"@type\":\"WebSite\",\"@id\":\"https:\/\/www.homes-holiday.com\/de\/#website\",\"url\":\"https:\/\/www.homes-holiday.com\/de\/\",\"name\":\"Homes &amp; Holiday AG\",\"description\":\"\",\"potentialAction\":[{\"@type\":\"SearchAction\",\"target\":{\"@type\":\"EntryPoint\",\"urlTemplate\":\"https:\/\/www.homes-holiday.com\/de\/?s={search_term_string}\"},\"query-input\":{\"@type\":\"PropertyValueSpecification\",\"valueRequired\":true,\"valueName\":\"search_term_string\"}}],\"inLanguage\":\"de\"},{\"@type\":\"Person\",\"@id\":\"https:\/\/www.homes-holiday.com\/de\/#\/schema\/person\/5d75984bdaf4db548b611c0475e777b0\",\"name\":\"Ulrike Eschenbecher\",\"url\":\"https:\/\/www.homes-holiday.com\/de\/author\/eschenbecher\/\"}]}<\/script>\n<!-- \/ Yoast SEO plugin. -->","yoast_head_json":{"title":"Experten empfehlen Porta Mondial Immobilien Franchise","description":"Die \u201eExistenzgr\u00fcnderb\u00f6rse\u201c am 20. August in Saarbr\u00fccken informierte \u00fcber Chancen und Risiken, sich in der Immobilienbranche selbstst\u00e4ndig zu machen.","robots":{"index":"index","follow":"follow","max-snippet":"max-snippet:-1","max-image-preview":"max-image-preview:large","max-video-preview":"max-video-preview:-1"},"canonical":"https:\/\/www.homes-holiday.com\/de\/experten-empfehlen-porta-mondial-immobilien-franchise\/","og_locale":"de_DE","og_type":"article","og_title":"Experten empfehlen Porta Mondial Immobilien Franchise","og_description":"Die \u201eExistenzgr\u00fcnderb\u00f6rse\u201c am 20. August in Saarbr\u00fccken informierte \u00fcber Chancen und Risiken, sich in der Immobilienbranche selbstst\u00e4ndig zu machen.","og_url":"https:\/\/www.homes-holiday.com\/de\/experten-empfehlen-porta-mondial-immobilien-franchise\/","og_site_name":"Homes &amp; Holiday AG","article_published_time":"2011-08-26T14:08:00+00:00","og_image":[{"url":"https:\/\/www.homes-holiday.com\/de\/wp-content\/uploads\/teilnehmer-ivdwest-saarbruecken.jpg"}],"author":"Ulrike Eschenbecher","twitter_card":"summary_large_image","twitter_misc":{"Verfasst von":"Ulrike Eschenbecher","Gesch\u00e4tzte Lesezeit":"2\u00a0Minuten"},"schema":{"@context":"https:\/\/schema.org","@graph":[{"@type":"WebPage","@id":"https:\/\/www.homes-holiday.com\/de\/experten-empfehlen-porta-mondial-immobilien-franchise\/","url":"https:\/\/www.homes-holiday.com\/de\/experten-empfehlen-porta-mondial-immobilien-franchise\/","name":"Experten empfehlen Porta Mondial Immobilien Franchise","isPartOf":{"@id":"https:\/\/www.homes-holiday.com\/de\/#website"},"primaryImageOfPage":{"@id":"https:\/\/www.homes-holiday.com\/de\/experten-empfehlen-porta-mondial-immobilien-franchise\/#primaryimage"},"image":{"@id":"https:\/\/www.homes-holiday.com\/de\/experten-empfehlen-porta-mondial-immobilien-franchise\/#primaryimage"},"thumbnailUrl":"https:\/\/www.homes-holiday.com\/de\/wp-content\/uploads\/teilnehmer-ivdwest-saarbruecken.jpg","datePublished":"2011-08-26T14:08:00+00:00","dateModified":"2011-08-26T14:08:00+00:00","author":{"@id":"https:\/\/www.homes-holiday.com\/de\/#\/schema\/person\/5d75984bdaf4db548b611c0475e777b0"},"description":"Die \u201eExistenzgr\u00fcnderb\u00f6rse\u201c am 20. August in Saarbr\u00fccken informierte \u00fcber Chancen und Risiken, sich in der Immobilienbranche selbstst\u00e4ndig zu machen.","breadcrumb":{"@id":"https:\/\/www.homes-holiday.com\/de\/experten-empfehlen-porta-mondial-immobilien-franchise\/#breadcrumb"},"inLanguage":"de","potentialAction":[{"@type":"ReadAction","target":["https:\/\/www.homes-holiday.com\/de\/experten-empfehlen-porta-mondial-immobilien-franchise\/"]}]},{"@type":"ImageObject","inLanguage":"de","@id":"https:\/\/www.homes-holiday.com\/de\/experten-empfehlen-porta-mondial-immobilien-franchise\/#primaryimage","url":"https:\/\/www.homes-holiday.com\/de\/wp-content\/uploads\/teilnehmer-ivdwest-saarbruecken.jpg","contentUrl":"https:\/\/www.homes-holiday.com\/de\/wp-content\/uploads\/teilnehmer-ivdwest-saarbruecken.jpg","width":600,"height":400},{"@type":"BreadcrumbList","@id":"https:\/\/www.homes-holiday.com\/de\/experten-empfehlen-porta-mondial-immobilien-franchise\/#breadcrumb","itemListElement":[{"@type":"ListItem","position":1,"name":"Startseite","item":"https:\/\/www.homes-holiday.com\/de\/"},{"@type":"ListItem","position":2,"name":"Experten empfehlen Porta Mondial Immobilien Franchise"}]},{"@type":"WebSite","@id":"https:\/\/www.homes-holiday.com\/de\/#website","url":"https:\/\/www.homes-holiday.com\/de\/","name":"Homes &amp; Holiday AG","description":"","potentialAction":[{"@type":"SearchAction","target":{"@type":"EntryPoint","urlTemplate":"https:\/\/www.homes-holiday.com\/de\/?s={search_term_string}"},"query-input":{"@type":"PropertyValueSpecification","valueRequired":true,"valueName":"search_term_string"}}],"inLanguage":"de"},{"@type":"Person","@id":"https:\/\/www.homes-holiday.com\/de\/#\/schema\/person\/5d75984bdaf4db548b611c0475e777b0","name":"Ulrike Eschenbecher","url":"https:\/\/www.homes-holiday.com\/de\/author\/eschenbecher\/"}]}},"_links":{"self":[{"href":"https:\/\/www.homes-holiday.com\/de\/wp-json\/wp\/v2\/posts\/76"}],"collection":[{"href":"https:\/\/www.homes-holiday.com\/de\/wp-json\/wp\/v2\/posts"}],"about":[{"href":"https:\/\/www.homes-holiday.com\/de\/wp-json\/wp\/v2\/types\/post"}],"author":[{"embeddable":true,"href":"https:\/\/www.homes-holiday.com\/de\/wp-json\/wp\/v2\/users\/2"}],"replies":[{"embeddable":true,"href":"https:\/\/www.homes-holiday.com\/de\/wp-json\/wp\/v2\/comments?post=76"}],"version-history":[{"count":0,"href":"https:\/\/www.homes-holiday.com\/de\/wp-json\/wp\/v2\/posts\/76\/revisions"}],"wp:attachment":[{"href":"https:\/\/www.homes-holiday.com\/de\/wp-json\/wp\/v2\/media?parent=76"}],"wp:term":[{"taxonomy":"category","embeddable":true,"href":"https:\/\/www.homes-holiday.com\/de\/wp-json\/wp\/v2\/categories?post=76"},{"taxonomy":"post_tag","embeddable":true,"href":"https:\/\/www.homes-holiday.com\/de\/wp-json\/wp\/v2\/tags?post=76"}],"curies":[{"name":"wp","href":"https:\/\/api.w.org\/{rel}","templated":true}]}}