{"id":70,"date":"2011-08-23T15:34:46","date_gmt":"2011-08-23T15:34:46","guid":{"rendered":"http:\/\/www.portamondial.com\/blog\/rueckblick-auf-den-immobilientag-des-ivd-west-und-die-existenzgruenderboerse-der-eia\/"},"modified":"2011-08-23T15:34:46","modified_gmt":"2011-08-23T15:34:46","slug":"rueckblick-auf-den-immobilientag-des-ivd-west-und-die-existenzgruenderboerse-der-eia","status":"publish","type":"post","link":"https:\/\/www.homes-holiday.com\/de\/rueckblick-auf-den-immobilientag-des-ivd-west-und-die-existenzgruenderboerse-der-eia\/","title":{"rendered":"R\u00fcckblick auf den Immobilientag des IVD West und die Existenzgr\u00fcnderb\u00f6rse der EIA"},"content":{"rendered":"<p>Am 19. August lud der Maklerverband IVD zum <strong>5. Saarl\u00e4ndischen Immobilientag des IVD West<\/strong> nach Saarbr\u00fccken, in die R\u00e4umlichkeiten der Europ\u00e4ischen Immobilien Akademie (EIA).<\/p>\n<figure class=\"wp-caption alignright\" ><img loading=\"lazy\" decoding=\"async\" class=\"picright \" title=\"Thomas Brunner, Immonet GmbH\" src=\"https:\/\/www.homes-holiday.com\/de\/wp-content\/uploads\/thomas-brunner-immonet.jpg\" alt=\"Thomas Brunner, Immonet GmbH\" width=\"240\" height=\"320\" \/><figcaption class=\"wp-caption-text\">Thomas Brunner, Immonet GmbH<\/figcaption><\/figure>\n<p><strong>Burkhard Blandford<\/strong>, stellv. Vorsitzender des <a title=\"www.ivd-west.net\" href=\"https:\/\/www.ivd-west.net\">IVD West<\/a> begr\u00fc\u00dfte die rund 100 Teilnehmer. <strong>Alexander Geischer<\/strong>, Gesch\u00e4ftsf\u00fchrer des IVD West moderierte durch die Veranstaltung. Mit dabei auch die beiden Porta Mondial Lizenzpartner im Westen, <a title=\"www.portamondial-duesseldorf.de\" href=\"https:\/\/www.portamondial-duesseldorf.de\/\">Porta Mondial D\u00fcsseldorf<\/a> und <a title=\"www.portamondial-saarbruecken.de\" href=\"https:\/\/www.portamondial-saarbruecken.de\/\">Porta Mondial Saarbr\u00fccken<\/a>, beide Vollmitglieder im IVD.<\/p>\n<p>Die Themen rund um die erfolgreiche Immobilienvermarktung waren zukunftsorientiert: Referent <strong>Thomas Brunner<\/strong> von der <a title=\"www.immonet.de\" href=\"https:\/\/www.immonet.de\">Immonet GmbH<\/a> referierte \u00fcber die Bedeutung von Social Media f\u00fcr den modernen Immobilienmakler.<\/p>\n<p><strong>Lars Grosenick<\/strong>, Gesch\u00e4ftsf\u00fchrer der <a title=\"www.flowfact.de\" href=\"https:\/\/www.flowfact.de\">FlowFact AG<\/a> stellte innovative Strategien f\u00fcr den Immobilieneinkauf vor.<\/p>\n<p><strong>Tina Humburg<\/strong>, Vorsitzende der Deutschen Gesellschaft f\u00fcr Home Staging und Redesign e.V. (<a title=\"www.dghr-info.de\" href=\"https:\/\/www.dghr-info.de\">DGHR<\/a>) stellte anhand von Praxisbeispielen eindrucksvoll den \u201eVorher-Nachher\u201c-Effekt des professionellen Aufbereitens von Verkaufsobjekten vor.<\/p>\n<blockquote><p>\u201eNur 20% aller Menschen k\u00f6nnen sich einen unm\u00f6blierten Raum m\u00f6bliert vorstellen\u201c,<\/p><\/blockquote>\n<p>stellte die Referentin fest. Mit der Schaffung einer Wohlf\u00fchl-Atmosph\u00e4re bis hin zur vor\u00fcbergehenden M\u00f6blierung eines Objektes \u00fcberwindet man diese H\u00fcrde. Umfragen unter US-Maklern, wo diese Vermarktungspraxis bereits weit verbreitet ist, habe ergeben, durch Home Staging die Verkaufszeit um ein Drittel bis zur H\u00e4lfte verk\u00fcrzt werden konnte. Und auch beim Verkaufspreis zahlt sich die Home Staging Investition aus, nach US-Erfahrungen kann damit ein bis zu 10-15% h\u00f6herer Verkaufspreis erreicht werden<\/p>\n<h2>Networking am &#8222;Spanischen Abend&#8220;<\/h2>\n<p>Am Abend fanden sich die Makler zu einem \u201eSpanischen Abend\u201c ein, zu dem die <a title=\"www.eia-akademie.de\" href=\"https:\/\/www.eia-akademie.de\/\">Europ\u00e4ische Immobilien Akademie<\/a> unter der Leitung von <strong>G\u00fcnter Brittnacher<\/strong> geladen hatte. Serviert wurde Original Mallorca Wein von Porta Mondial Master-Lizenzpartner <a title=\"www.porta-mallorquina.de\" href=\"https:\/\/www.porta-mallorquina.de\/\">Porta Mallorquina<\/a>. Bei spanischen Gitarrenkl\u00e4ngen und s\u00fcdlichen Temperaturen wurde noch bis sp\u00e4t in die Nacht bei bester Stimmung fachgesimpelt und Networking betrieben.<\/p>\n<figure class=\"wp-caption aligncenter\" ><img loading=\"lazy\" decoding=\"async\" class=\"picright  \" title=\"Existenzgruenderboerse Saarbr\u00fccken\" src=\"https:\/\/www.homes-holiday.com\/de\/wp-content\/uploads\/existenzgruenderboerse.jpg\" alt=\"Existenzgruenderboerse Saarbr\u00fccken\" width=\"540\" height=\"360\" \/><figcaption class=\"wp-caption-text\">Existenzgruenderboerse Saarbr\u00fccken<\/figcaption><\/figure>\n<p style=\"text-align: center;\">Interessante Gespr\u00e4che bei spanischer Musik und gutem mallorquinischem Wein auf dem Immobilientag<\/p>\n<h2>2. Tag: Existenzgr\u00fcnderb\u00f6rse der Europ\u00e4ischen Immobilien Akademie<\/h2>\n<p>Der folgende Samstag, stand ganz unter dem Zeichen der Existenzgr\u00fcndung in der Immobilienbranche. Gastgeber des Fachtages war die Europ\u00e4ische Immobilien Akademie. Akademievorstand G\u00fcnter Brittnacher und <strong>Margot Schlubeck<\/strong>, Mitglied des IVD Pr\u00e4sidiums hie\u00dfen die knapp 100 Teilnehmer in Saarbr\u00fccken willkommen.<\/p>\n<figure class=\"wp-caption alignright\" ><img loading=\"lazy\" decoding=\"async\" class=\"picright \" title=\"Margot Schulbeck, Joachim Semrau und Carolin Hegenbarth ermitteln den Gewinner der Studienfahrt\" src=\"https:\/\/www.homes-holiday.com\/de\/wp-content\/uploads\/auslosung-studienfahrt-gewinner-ivd.jpg\" alt=\"Margot Schulbeck, Joachim Semrau und Carolin Hegenbarth ermitteln den Gewinner der Studienfahrt\" width=\"300\" height=\"200\" \/><figcaption class=\"wp-caption-text\">Margot Schulbeck, Joachim Semrau und Carolin Hegenbarth ermitteln den Gewinner der Studienfahrt<\/figcaption><\/figure>\n<p>Gleich zu Beginn erfolgte die Verlosung der drei Hauptpreise des gro\u00dfen Gewinnspiels des <a title=\"www.ausbildung-immobilien.net\" href=\"https:\/\/www.ausbildung-immobilien.net\/\">IVD-Magazins \u201eAusziehen!\u201c<\/a> f\u00fcr Auszubildende in der Immobilienbranche. IVD Pr\u00e4sidiumsmitglied Margot Schlubeck, <strong>Carolin Hegebarth<\/strong>, Leiterin Kommunikation des IVD und Porta Mondial Vorstand Joachim Semrau ermittelten die gl\u00fccklichen Gewinner. 1. Preis war ein Ticket f\u00fcr die n\u00e4chste immobilienwirtschaftliche <a title=\"Studienreise\" href=\"https:\/\/www.portamondial.com\/de\/blog\/71-porta-mondial-foerdert-studienreise-fuer-auszubildende-auf-die-balearen.html\">Studienreise der EIA<\/a> auf die Balearen, gesponsert von der Porta Mondial AG. Wir gratulieren <strong>Ina Djuren<\/strong> zum Gewinn der Studienreise und w\u00fcnschen Ihr sch\u00f6ne und informative Tage.<\/p>\n<p><strong>Dr. Thomas Pitz<\/strong>, Leiter des Zentrums f\u00fcr Existenzgr\u00fcnder der <a title=\"https:\/\/www.saarland.ihk.de\" href=\"https:\/\/www.saarland.ihk.de\">IHK Saarland<\/a> startete mit einem interessanten Vortrag \u00fcber Chancen und Risiken auf dem Weg in die Selbst\u00e4ndigkeit als Immobilienmakler. Der Experte berichtete, dass jeder 3. Gr\u00fcnder in der Immobilienwirtschaft die ersten 18 Monate nicht \u00fcberstehe. Als Gr\u00fcnde nannte Dr. Pitz vor allem mangelnde Vorbereitung und unzureichende Finanzplanung.<\/p>\n<figure class=\"wp-caption alignleft\" ><img loading=\"lazy\" decoding=\"async\" class=\"picleft \" title=\"Sven Johns, Bundesgesch\u00e4ftsf\u00fchrer des IVD\" src=\"https:\/\/www.homes-holiday.com\/de\/wp-content\/uploads\/sven-johns-ivd.jpg\" alt=\"Sven Johns, Bundesgesch\u00e4ftsf\u00fchrer des IVD\" width=\"240\" height=\"320\" \/><figcaption class=\"wp-caption-text\">Sven Johns, Bundesgesch\u00e4ftsf\u00fchrer des IVD<\/figcaption><\/figure>\n<p><strong>Sven Johns<\/strong>, Bundesgesch\u00e4ftsf\u00fchrer des <a title=\"www.ivd.net\" href=\"https:\/\/www.ivd.net\">IVD<\/a> best\u00e4tigte aus seiner Erfahrung, dass die Immobilienbranche zu den attraktivsten Branchen f\u00fcr Existenzgr\u00fcnder geh\u00f6re, aber dass der Schritt in Selbst\u00e4ndigkeit professionell geplant werden m\u00fcsse. Voraussetzung hierf\u00fcr sei ein entsprechend realistischer Businessplan sowie ein durchdachtes Gesch\u00e4ftskonzept mit einem ansprechenden Markenauftritt.<\/p>\n<p><strong>Stefan Albert<\/strong>, Gesch\u00e4ftsf\u00fchrender Gesellschafter der <a title=\"www.spiesimmobilien.de\/\" href=\"https:\/\/www.spiesimmobilien.de\/publish\/gewerbe\/\">Robert C. Spies Gewerbe und Investment GmbH &amp; Co. KG<\/a> widmete sich der Existenzgr\u00fcndungsalternative \u201eFranchise\u201c, das auch in der Immobilienbranche zunehmend an Bedeutung gewinnt. Neben den gro\u00dfen Franchiseketten Engel &amp; V\u00f6lkers und Remax international haben sich in den letzten Jahren auch weitere Immobilien-Franchise Systeme wie Dahler &amp; Company und Porta Mondial etabliert.<\/p>\n<p>F\u00fcr Stefan Albert waren professioneller Know-how Transfer sowie die umfangreichen Marketingleistungen der Franchise-Systeme die beiden Hauptvorteile, sich bei dem Schritt in die Selbstst\u00e4ndigkeit einen starken Partner zu suchen. Die Existenzgr\u00fcndung mit einem Franchise-System erm\u00f6glichen laut Herrn Albert zudem die Schaffung von nachhaltigem Unternehmenswert und damit auch die M\u00f6glichkeit einer attraktiven Exit-Strategie. Es sei daher besonders wichtig bereits mit Vertragsabschluss faire Spielregeln f\u00fcr eine m\u00f6gliche Vertragsbeendigung bzw. Weiterver\u00e4u\u00dferung festzulegen.<\/p>\n<p>Porta Mondial war das j\u00fcngste der vorgestellten Immobilien Franchise-Systeme. Teilnehmende Branchenexperten lobten das umfangreiche und hochwertige Leistungsspektrum und sahen ein enormes Wachstumspotenzial f\u00fcr die Zukunft.<\/p>\n<figure class=\"wp-caption aligncenter\" ><img loading=\"lazy\" decoding=\"async\" class=\"picright  \" title=\"Zielkundenansprache und Wahrnehmungstypologien f\u00fcr Immobilienmakler\" src=\"https:\/\/www.homes-holiday.com\/de\/wp-content\/uploads\/stefan-albert-robert-c-spies.jpg\" alt=\"Zielkundenansprache und Wahrnehmungstypologien f\u00fcr Immobilienmakler\" width=\"540\" height=\"360\" \/><figcaption class=\"wp-caption-text\">Zielkundenansprache und Wahrnehmungstypologien f\u00fcr Immobilienmakler<\/figcaption><\/figure>\n<p style=\"text-align: center;\">&#8222;Zielkundenansprache und Wahrnehmungstypologien f\u00fcr Immobilienmakler&#8220; von Stefan Albert, Gesch\u00e4ftsf\u00fchrender Gesellschafter, Robert C. Spies Gewerbe und Investment GmbH &amp; Co. KG<\/p>\n<h2>Impressionen der Veranstaltung<\/h2>\n<p>Hier sehen Sie eine Auswahl weiterer Fotos der Veranstaltung sowie der versch. Referenten. Viele weitere Fotos haben wir in unserem <a title=\"www.flickr.com\" href=\"https:\/\/www.flickr.com\/photos\/portamondial\/sets\/72157627376091495\/\">Porta Mondial Flickr Album<\/a> hinterlegt. Unter dem Titel <a title=\"http:\/\/blog.ivd.net\/2011\/08\/existenzgrunder-in-den-startlochern\" href=\"http:\/\/blog.ivd.net\/2011\/08\/existenzgrunder-in-den-startlochern\">&#8222;Existenzgr\u00fcnder in den Startl\u00f6chern&#8220;<\/a> findet sich ein ausf\u00fchrlicher R\u00fcckblick von Carolin Hegenbarth auf dem IVD-Blog.<\/p>\n<figure class=\"wp-caption aligncenter\" ><img loading=\"lazy\" decoding=\"async\" class=\"picright  \" title=\"Alexander Geischer, Gesch\u00e4ftsf\u00fchrer des IVD West\" src=\"https:\/\/www.homes-holiday.com\/de\/wp-content\/uploads\/alexander-geischer-ivd-west.jpg\" alt=\"Alexander Geischer, Gesch\u00e4ftsf\u00fchrer des IVD West\" width=\"540\" height=\"360\" \/><figcaption class=\"wp-caption-text\">Alexander Geischer, Gesch\u00e4ftsf\u00fchrer des IVD West<\/figcaption><\/figure>\n<p style=\"text-align: center;\">Alexander Geischer, Gesch\u00e4ftsf\u00fchrer des IVD West moderierte durch die Veranstaltung<\/p>\n<figure class=\"wp-caption aligncenter\" ><img loading=\"lazy\" decoding=\"async\" class=\"picright  \" title=\"Teilnehmer des Immobilientags lauschen den Vortr\u00e4gen\" src=\"https:\/\/www.homes-holiday.com\/de\/wp-content\/uploads\/teilnehmer-ivdwest-saarbruecken.jpg\" alt=\"Teilnehmer des Immobilientags lauschen den Vortr\u00e4gen\" width=\"540\" height=\"360\" \/><figcaption class=\"wp-caption-text\">Teilnehmer des Immobilientags lauschen den Vortr\u00e4gen<\/figcaption><\/figure>\n<p style=\"text-align: center;\">Teilnehmer des 5. Saarl\u00e4ndischen Immobilientags lauschen den Vortr\u00e4gen in der EIA in Saarbr\u00fccken<\/p>\n<figure class=\"wp-caption aligncenter\" ><img loading=\"lazy\" decoding=\"async\" class=\"picright  \" title=\"Lars Grosenick, Vorstand der FlowFact AG\" src=\"https:\/\/www.homes-holiday.com\/de\/wp-content\/uploads\/lars-grosenick-flowfact.jpg\" alt=\"Lars Grosenick, Vorstand der FlowFact AG\" width=\"540\" height=\"360\" \/><figcaption class=\"wp-caption-text\">Lars Grosenick, Vorstand der FlowFact AG<\/figcaption><\/figure>\n<p style=\"text-align: center;\">Professioneller Immobilieneinkauf von Lars Grosenick, Vorstand der FlowFact AG<\/p>\n<figure class=\"wp-caption aligncenter\" ><img loading=\"lazy\" decoding=\"async\" class=\"picright  \" title=\"Tina Humburg, Vorsitzende der Deutschen Gesellschaft f\u00fcr Homestaging und Redesign\" src=\"https:\/\/www.homes-holiday.com\/de\/wp-content\/uploads\/tina-humburg-homestaging.jpg\" alt=\"Tina Humburg, Vorsitzende der Deutschen Gesellschaft f\u00fcr Homestaging und Redesign\" width=\"540\" height=\"360\" \/><figcaption class=\"wp-caption-text\">Tina Humburg, Vorsitzende der Deutschen Gesellschaft f\u00fcr Homestaging und Redesign<\/figcaption><\/figure>\n<p style=\"text-align: center;\">&#8222;Home Staging und Maklerpraxis&#8220; von Tina Humburg, Vorsitzende der Deutschen Gesellschaft f\u00fcr Homestaging und Redesign e.V.<\/p>\n<figure class=\"wp-caption aligncenter\" ><img loading=\"lazy\" decoding=\"async\" class=\"picright  \" title=\"G\u00fcnter Brittnacher, Europ\u00e4ische Immobilien Akademie (EIA)\" src=\"https:\/\/www.homes-holiday.com\/de\/wp-content\/uploads\/guenter-brittnacher-eia.jpg\" alt=\"G\u00fcnter Brittnacher, Europ\u00e4ische Immobilien Akademie (EIA)\" width=\"540\" height=\"360\" \/><figcaption class=\"wp-caption-text\">G\u00fcnter Brittnacher, Europ\u00e4ische Immobilien Akademie (EIA)<\/figcaption><\/figure>\n<p style=\"text-align: center;\">G\u00fcnter Brittnacher, Gesch\u00e4ftsf\u00fchrender Vorstand der Europ\u00e4ischen Immobilien Akademie er\u00f6ffnet den &#8222;Spanischen Abend&#8220;<\/p>\n<figure class=\"wp-caption aligncenter\" ><img loading=\"lazy\" decoding=\"async\" class=\"picright  \" title=\"Networking auf dem Existenzgr\u00fcndertag f\u00fcr Immobilienmakler\" src=\"https:\/\/www.homes-holiday.com\/de\/wp-content\/uploads\/existenzgruendertag-immobilienmakler.jpg\" alt=\"Networking auf dem Existenzgr\u00fcndertag f\u00fcr Immobilienmakler\" width=\"540\" height=\"360\" \/><figcaption class=\"wp-caption-text\">Networking auf dem Existenzgr\u00fcndertag f\u00fcr Immobilienmakler<\/figcaption><\/figure>\n<p style=\"text-align: center;\">Networking unter Immobilienmaklern an einem sonnigen Sommerabend im Saarland<\/p>\n<figure class=\"wp-caption aligncenter\" ><img loading=\"lazy\" decoding=\"async\" class=\"picright  \" title=\"Dr. Thomas Pitz, Leiter Existenzgr\u00fcnderzentrum IHK Saarland\" src=\"https:\/\/www.homes-holiday.com\/de\/wp-content\/uploads\/dr-thomas-pitz-ihk-saarland.jpg\" alt=\"Dr. Thomas Pitz, Leiter Existenzgr\u00fcnderzentrum IHK Saarland\" width=\"540\" height=\"360\" \/><figcaption class=\"wp-caption-text\">Dr. Thomas Pitz, Leiter Existenzgr\u00fcnderzentrum IHK Saarland<\/figcaption><\/figure>\n<p style=\"text-align: center;\">Dr. Thomas Pitz, Leiter Existenzgr\u00fcnderzentrum IHK Saarland referierte \u00fcber den Weg in die Selbst\u00e4ndigkeit<\/p>\n<figure class=\"wp-caption aligncenter\" ><img loading=\"lazy\" decoding=\"async\" class=\"picright  \" title=\"Michael Friedrich, Unternehmensberater\" src=\"https:\/\/www.homes-holiday.com\/de\/wp-content\/uploads\/michael-friedrich-unternehmensberater.jpg\" alt=\"Michael Friedrich, Unternehmensberater\" width=\"540\" height=\"360\" \/><figcaption class=\"wp-caption-text\">Michael Friedrich, Unternehmensberater<\/figcaption><\/figure>\n<p style=\"text-align: center;\">Referent und Unternehmensberater Michael Friedrich zum Thema &#8222;F\u00f6rdermittel und Gr\u00fcndercoaching&#8220;<\/p>\n","protected":false},"excerpt":{"rendered":"<p>Am 19. August lud der Maklerverband IVD zum 5. Saarl\u00e4ndischen Immobilientag des IVD West nach Saarbr\u00fccken, in die R\u00e4umlichkeiten der Europ\u00e4ischen Immobilien Akademie (EIA). Burkhard Blandford, stellv. Vorsitzender des IVD West begr\u00fc\u00dfte die rund 100 Teilnehmer. Alexander Geischer, Gesch\u00e4ftsf\u00fchrer des IVD West moderierte durch die Veranstaltung. Mit dabei auch die beiden Porta Mondial Lizenzpartner im [&hellip;]<\/p>\n","protected":false},"author":2,"featured_media":0,"comment_status":"open","ping_status":"open","sticky":false,"template":"","format":"standard","meta":{"footnotes":""},"categories":[64],"tags":[],"class_list":["post-70","post","type-post","status-publish","format-standard","hentry","category-immobilien"],"yoast_head":"<!-- This site is optimized with the Yoast SEO plugin v23.7 - https:\/\/yoast.com\/wordpress\/plugins\/seo\/ -->\n<title>R\u00fcckblick auf den Immobilientag des IVD West und die ...<\/title>\n<meta name=\"description\" content=\"R\u00fcckblick auf den Immobilientag des IVD West und die Existenzgr\u00fcnderb\u00f6rse der EIA. Geschrieben von Eschenbecher \u2022 Dienstag, 23. August ...\" \/>\n<meta name=\"robots\" content=\"index, follow, max-snippet:-1, max-image-preview:large, max-video-preview:-1\" \/>\n<link rel=\"canonical\" href=\"https:\/\/www.homes-holiday.com\/de\/rueckblick-auf-den-immobilientag-des-ivd-west-und-die-existenzgruenderboerse-der-eia\/\" \/>\n<meta property=\"og:locale\" content=\"de_DE\" \/>\n<meta property=\"og:type\" content=\"article\" \/>\n<meta property=\"og:title\" content=\"R\u00fcckblick auf den Immobilientag des IVD West und die ...\" \/>\n<meta property=\"og:description\" content=\"R\u00fcckblick auf den Immobilientag des IVD West und die Existenzgr\u00fcnderb\u00f6rse der EIA. Geschrieben von Eschenbecher \u2022 Dienstag, 23. August ...\" \/>\n<meta property=\"og:url\" content=\"https:\/\/www.homes-holiday.com\/de\/rueckblick-auf-den-immobilientag-des-ivd-west-und-die-existenzgruenderboerse-der-eia\/\" \/>\n<meta property=\"og:site_name\" content=\"Homes &amp; Holiday AG\" \/>\n<meta property=\"article:published_time\" content=\"2011-08-23T15:34:46+00:00\" \/>\n<meta property=\"og:image\" content=\"https:\/\/www.homes-holiday.com\/de\/wp-content\/uploads\/thomas-brunner-immonet.jpg\" \/>\n<meta name=\"author\" content=\"Ulrike Eschenbecher\" \/>\n<meta name=\"twitter:card\" content=\"summary_large_image\" \/>\n<meta name=\"twitter:label1\" content=\"Verfasst von\" \/>\n\t<meta name=\"twitter:data1\" content=\"Ulrike Eschenbecher\" \/>\n\t<meta name=\"twitter:label2\" content=\"Gesch\u00e4tzte Lesezeit\" \/>\n\t<meta name=\"twitter:data2\" content=\"5\u00a0Minuten\" \/>\n<script type=\"application\/ld+json\" class=\"yoast-schema-graph\">{\"@context\":\"https:\/\/schema.org\",\"@graph\":[{\"@type\":\"WebPage\",\"@id\":\"https:\/\/www.homes-holiday.com\/de\/rueckblick-auf-den-immobilientag-des-ivd-west-und-die-existenzgruenderboerse-der-eia\/\",\"url\":\"https:\/\/www.homes-holiday.com\/de\/rueckblick-auf-den-immobilientag-des-ivd-west-und-die-existenzgruenderboerse-der-eia\/\",\"name\":\"R\u00fcckblick auf den Immobilientag des IVD West und die ...\",\"isPartOf\":{\"@id\":\"https:\/\/www.homes-holiday.com\/de\/#website\"},\"primaryImageOfPage\":{\"@id\":\"https:\/\/www.homes-holiday.com\/de\/rueckblick-auf-den-immobilientag-des-ivd-west-und-die-existenzgruenderboerse-der-eia\/#primaryimage\"},\"image\":{\"@id\":\"https:\/\/www.homes-holiday.com\/de\/rueckblick-auf-den-immobilientag-des-ivd-west-und-die-existenzgruenderboerse-der-eia\/#primaryimage\"},\"thumbnailUrl\":\"https:\/\/www.homes-holiday.com\/de\/wp-content\/uploads\/thomas-brunner-immonet.jpg\",\"datePublished\":\"2011-08-23T15:34:46+00:00\",\"dateModified\":\"2011-08-23T15:34:46+00:00\",\"author\":{\"@id\":\"https:\/\/www.homes-holiday.com\/de\/#\/schema\/person\/5d75984bdaf4db548b611c0475e777b0\"},\"description\":\"R\u00fcckblick auf den Immobilientag des IVD West und die Existenzgr\u00fcnderb\u00f6rse der EIA. Geschrieben von Eschenbecher \u2022 Dienstag, 23. August ...\",\"breadcrumb\":{\"@id\":\"https:\/\/www.homes-holiday.com\/de\/rueckblick-auf-den-immobilientag-des-ivd-west-und-die-existenzgruenderboerse-der-eia\/#breadcrumb\"},\"inLanguage\":\"de\",\"potentialAction\":[{\"@type\":\"ReadAction\",\"target\":[\"https:\/\/www.homes-holiday.com\/de\/rueckblick-auf-den-immobilientag-des-ivd-west-und-die-existenzgruenderboerse-der-eia\/\"]}]},{\"@type\":\"ImageObject\",\"inLanguage\":\"de\",\"@id\":\"https:\/\/www.homes-holiday.com\/de\/rueckblick-auf-den-immobilientag-des-ivd-west-und-die-existenzgruenderboerse-der-eia\/#primaryimage\",\"url\":\"https:\/\/www.homes-holiday.com\/de\/wp-content\/uploads\/thomas-brunner-immonet.jpg\",\"contentUrl\":\"https:\/\/www.homes-holiday.com\/de\/wp-content\/uploads\/thomas-brunner-immonet.jpg\",\"width\":240,\"height\":320},{\"@type\":\"BreadcrumbList\",\"@id\":\"https:\/\/www.homes-holiday.com\/de\/rueckblick-auf-den-immobilientag-des-ivd-west-und-die-existenzgruenderboerse-der-eia\/#breadcrumb\",\"itemListElement\":[{\"@type\":\"ListItem\",\"position\":1,\"name\":\"Startseite\",\"item\":\"https:\/\/www.homes-holiday.com\/de\/\"},{\"@type\":\"ListItem\",\"position\":2,\"name\":\"R\u00fcckblick auf den Immobilientag des IVD West und die Existenzgr\u00fcnderb\u00f6rse der EIA\"}]},{\"@type\":\"WebSite\",\"@id\":\"https:\/\/www.homes-holiday.com\/de\/#website\",\"url\":\"https:\/\/www.homes-holiday.com\/de\/\",\"name\":\"Homes &amp; Holiday AG\",\"description\":\"\",\"potentialAction\":[{\"@type\":\"SearchAction\",\"target\":{\"@type\":\"EntryPoint\",\"urlTemplate\":\"https:\/\/www.homes-holiday.com\/de\/?s={search_term_string}\"},\"query-input\":{\"@type\":\"PropertyValueSpecification\",\"valueRequired\":true,\"valueName\":\"search_term_string\"}}],\"inLanguage\":\"de\"},{\"@type\":\"Person\",\"@id\":\"https:\/\/www.homes-holiday.com\/de\/#\/schema\/person\/5d75984bdaf4db548b611c0475e777b0\",\"name\":\"Ulrike Eschenbecher\",\"url\":\"https:\/\/www.homes-holiday.com\/de\/author\/eschenbecher\/\"}]}<\/script>\n<!-- \/ Yoast SEO plugin. -->","yoast_head_json":{"title":"R\u00fcckblick auf den Immobilientag des IVD West und die ...","description":"R\u00fcckblick auf den Immobilientag des IVD West und die Existenzgr\u00fcnderb\u00f6rse der EIA. Geschrieben von Eschenbecher \u2022 Dienstag, 23. August ...","robots":{"index":"index","follow":"follow","max-snippet":"max-snippet:-1","max-image-preview":"max-image-preview:large","max-video-preview":"max-video-preview:-1"},"canonical":"https:\/\/www.homes-holiday.com\/de\/rueckblick-auf-den-immobilientag-des-ivd-west-und-die-existenzgruenderboerse-der-eia\/","og_locale":"de_DE","og_type":"article","og_title":"R\u00fcckblick auf den Immobilientag des IVD West und die ...","og_description":"R\u00fcckblick auf den Immobilientag des IVD West und die Existenzgr\u00fcnderb\u00f6rse der EIA. Geschrieben von Eschenbecher \u2022 Dienstag, 23. August ...","og_url":"https:\/\/www.homes-holiday.com\/de\/rueckblick-auf-den-immobilientag-des-ivd-west-und-die-existenzgruenderboerse-der-eia\/","og_site_name":"Homes &amp; Holiday AG","article_published_time":"2011-08-23T15:34:46+00:00","og_image":[{"url":"https:\/\/www.homes-holiday.com\/de\/wp-content\/uploads\/thomas-brunner-immonet.jpg"}],"author":"Ulrike Eschenbecher","twitter_card":"summary_large_image","twitter_misc":{"Verfasst von":"Ulrike Eschenbecher","Gesch\u00e4tzte Lesezeit":"5\u00a0Minuten"},"schema":{"@context":"https:\/\/schema.org","@graph":[{"@type":"WebPage","@id":"https:\/\/www.homes-holiday.com\/de\/rueckblick-auf-den-immobilientag-des-ivd-west-und-die-existenzgruenderboerse-der-eia\/","url":"https:\/\/www.homes-holiday.com\/de\/rueckblick-auf-den-immobilientag-des-ivd-west-und-die-existenzgruenderboerse-der-eia\/","name":"R\u00fcckblick auf den Immobilientag des IVD West und die ...","isPartOf":{"@id":"https:\/\/www.homes-holiday.com\/de\/#website"},"primaryImageOfPage":{"@id":"https:\/\/www.homes-holiday.com\/de\/rueckblick-auf-den-immobilientag-des-ivd-west-und-die-existenzgruenderboerse-der-eia\/#primaryimage"},"image":{"@id":"https:\/\/www.homes-holiday.com\/de\/rueckblick-auf-den-immobilientag-des-ivd-west-und-die-existenzgruenderboerse-der-eia\/#primaryimage"},"thumbnailUrl":"https:\/\/www.homes-holiday.com\/de\/wp-content\/uploads\/thomas-brunner-immonet.jpg","datePublished":"2011-08-23T15:34:46+00:00","dateModified":"2011-08-23T15:34:46+00:00","author":{"@id":"https:\/\/www.homes-holiday.com\/de\/#\/schema\/person\/5d75984bdaf4db548b611c0475e777b0"},"description":"R\u00fcckblick auf den Immobilientag des IVD West und die Existenzgr\u00fcnderb\u00f6rse der EIA. Geschrieben von Eschenbecher \u2022 Dienstag, 23. August ...","breadcrumb":{"@id":"https:\/\/www.homes-holiday.com\/de\/rueckblick-auf-den-immobilientag-des-ivd-west-und-die-existenzgruenderboerse-der-eia\/#breadcrumb"},"inLanguage":"de","potentialAction":[{"@type":"ReadAction","target":["https:\/\/www.homes-holiday.com\/de\/rueckblick-auf-den-immobilientag-des-ivd-west-und-die-existenzgruenderboerse-der-eia\/"]}]},{"@type":"ImageObject","inLanguage":"de","@id":"https:\/\/www.homes-holiday.com\/de\/rueckblick-auf-den-immobilientag-des-ivd-west-und-die-existenzgruenderboerse-der-eia\/#primaryimage","url":"https:\/\/www.homes-holiday.com\/de\/wp-content\/uploads\/thomas-brunner-immonet.jpg","contentUrl":"https:\/\/www.homes-holiday.com\/de\/wp-content\/uploads\/thomas-brunner-immonet.jpg","width":240,"height":320},{"@type":"BreadcrumbList","@id":"https:\/\/www.homes-holiday.com\/de\/rueckblick-auf-den-immobilientag-des-ivd-west-und-die-existenzgruenderboerse-der-eia\/#breadcrumb","itemListElement":[{"@type":"ListItem","position":1,"name":"Startseite","item":"https:\/\/www.homes-holiday.com\/de\/"},{"@type":"ListItem","position":2,"name":"R\u00fcckblick auf den Immobilientag des IVD West und die Existenzgr\u00fcnderb\u00f6rse der EIA"}]},{"@type":"WebSite","@id":"https:\/\/www.homes-holiday.com\/de\/#website","url":"https:\/\/www.homes-holiday.com\/de\/","name":"Homes &amp; Holiday AG","description":"","potentialAction":[{"@type":"SearchAction","target":{"@type":"EntryPoint","urlTemplate":"https:\/\/www.homes-holiday.com\/de\/?s={search_term_string}"},"query-input":{"@type":"PropertyValueSpecification","valueRequired":true,"valueName":"search_term_string"}}],"inLanguage":"de"},{"@type":"Person","@id":"https:\/\/www.homes-holiday.com\/de\/#\/schema\/person\/5d75984bdaf4db548b611c0475e777b0","name":"Ulrike Eschenbecher","url":"https:\/\/www.homes-holiday.com\/de\/author\/eschenbecher\/"}]}},"_links":{"self":[{"href":"https:\/\/www.homes-holiday.com\/de\/wp-json\/wp\/v2\/posts\/70"}],"collection":[{"href":"https:\/\/www.homes-holiday.com\/de\/wp-json\/wp\/v2\/posts"}],"about":[{"href":"https:\/\/www.homes-holiday.com\/de\/wp-json\/wp\/v2\/types\/post"}],"author":[{"embeddable":true,"href":"https:\/\/www.homes-holiday.com\/de\/wp-json\/wp\/v2\/users\/2"}],"replies":[{"embeddable":true,"href":"https:\/\/www.homes-holiday.com\/de\/wp-json\/wp\/v2\/comments?post=70"}],"version-history":[{"count":0,"href":"https:\/\/www.homes-holiday.com\/de\/wp-json\/wp\/v2\/posts\/70\/revisions"}],"wp:attachment":[{"href":"https:\/\/www.homes-holiday.com\/de\/wp-json\/wp\/v2\/media?parent=70"}],"wp:term":[{"taxonomy":"category","embeddable":true,"href":"https:\/\/www.homes-holiday.com\/de\/wp-json\/wp\/v2\/categories?post=70"},{"taxonomy":"post_tag","embeddable":true,"href":"https:\/\/www.homes-holiday.com\/de\/wp-json\/wp\/v2\/tags?post=70"}],"curies":[{"name":"wp","href":"https:\/\/api.w.org\/{rel}","templated":true}]}}