{"id":62,"date":"2011-06-22T10:39:52","date_gmt":"2011-06-22T10:39:52","guid":{"rendered":"http:\/\/www.portamondial.com\/blog\/immobilienforum-in-saarbruecken-gut-besucht\/"},"modified":"2011-06-22T10:39:52","modified_gmt":"2011-06-22T10:39:52","slug":"immobilienforum-in-saarbruecken-gut-besucht","status":"publish","type":"post","link":"https:\/\/www.homes-holiday.com\/de\/immobilienforum-in-saarbruecken-gut-besucht\/","title":{"rendered":"Immobilienforum in Saarbr\u00fccken gut besucht"},"content":{"rendered":"<p>Am 17. Juni veranstaltete <a title=\"Porta Mondial Saarbr\u00fccken\" href=\"https:\/\/www.portamondial-saarbruecken.de\">Porta Mondial Saarbr\u00fccken<\/a> zur <a title=\"Er\u00f6ffnung von Porta Mondial Saarbr\u00fccken\" href=\"https:\/\/www.portamondial.com\/de\/blog\/64-eroeffnung-von-porta-mondial-saarbruecken.html\">Er\u00f6ffnung<\/a> ein <strong>\u201eImmobilienforum\u201c<\/strong> mit Fachvortr\u00e4gen.<\/p>\n<figure class=\"wp-caption alignright\" ><img loading=\"lazy\" decoding=\"async\" class=\"picright \" title=\"Porta Mondial Vorstand Markus Schreurs\" src=\"\/blog\/uploads\/markus-schreurs-vortrag.jpg\" alt=\"Porta Mondial Vorstand Markus Schreurs\" width=\"300\" height=\"200\" \/><figcaption class=\"wp-caption-text\">Porta Mondial Vorstand Markus Schreurs<\/figcaption><\/figure>\n<p>Nach einer F\u00fchrung durch die neuen R\u00e4umlichkeiten, die direkt neben der Europ\u00e4ischen Immobilienakademie, Ausbildungsst\u00e4tte des deutschen Maklerverbands IVD, liegen, hielt Porta Mondial AG Vorstand <strong>Markus Schreurs<\/strong> (Bild) die Er\u00f6ffnungsrede.<\/p>\n<p><strong>Monika Kunz<\/strong>, Amtsleiterin des Stadtplanungsamtes der Landeshauptstadt Saarbr\u00fccken informierte in ihrem Vortrag \u00fcber die Stadtentwicklung Saarbr\u00fccken, Porta Mondial AG Vorstand <strong>Joachim Semrau<\/strong> referierte \u00fcber den spanischen Ferienimmobilienmarkt. Aufgrund der positiven Resonanz der zahlreich erschienen G\u00e4ste ist eine Fortsetzung der Vortragsreihe als festes Kundenevent geplant.<\/p>\n<p>Impressionen vom ersten <strong>Saarbr\u00fccker Immobilienforum <\/strong>und Fotos des neu er\u00f6ffneten Immobilienshops in Saarbr\u00fccken finden Sie hier: <a title=\"Er\u00f6ffnung Porta Mondial Saarbr\u00fccken\" href=\"https:\/\/www.flickr.com\/photos\/portamondial\/sets\/72157626997911974\/\">Porta Mondial auf flickr.com<\/a><\/p>\n","protected":false},"excerpt":{"rendered":"<p>Am 17. Juni veranstaltete Porta Mondial Saarbr\u00fccken zur Er\u00f6ffnung ein \u201eImmobilienforum\u201c mit Fachvortr\u00e4gen. Nach einer F\u00fchrung durch die neuen R\u00e4umlichkeiten, die direkt neben der Europ\u00e4ischen Immobilienakademie, Ausbildungsst\u00e4tte des deutschen Maklerverbands IVD, liegen, hielt Porta Mondial AG Vorstand Markus Schreurs (Bild) die Er\u00f6ffnungsrede. Monika Kunz, Amtsleiterin des Stadtplanungsamtes der Landeshauptstadt Saarbr\u00fccken informierte in ihrem Vortrag \u00fcber [&hellip;]<\/p>\n","protected":false},"author":2,"featured_media":0,"comment_status":"open","ping_status":"open","sticky":false,"template":"","format":"standard","meta":{"footnotes":""},"categories":[65],"tags":[],"class_list":["post-62","post","type-post","status-publish","format-standard","hentry","category-news"],"yoast_head":"<!-- This site is optimized with the Yoast SEO plugin v23.7 - https:\/\/yoast.com\/wordpress\/plugins\/seo\/ -->\n<title>Immobilienforum in Saarbr\u00fccken gut besucht - Porta Mondial<\/title>\n<meta name=\"description\" content=\"Am 17. Juni veranstaltete Porta Mondial Saarbr\u00fccken zur Er\u00f6ffnung ein \u201eImmobilienforum\u201c mit Fachvortr\u00e4gen. Nach einer F\u00fchrung durch die ...\" \/>\n<meta name=\"robots\" content=\"index, follow, max-snippet:-1, max-image-preview:large, max-video-preview:-1\" \/>\n<link rel=\"canonical\" href=\"https:\/\/www.homes-holiday.com\/de\/immobilienforum-in-saarbruecken-gut-besucht\/\" \/>\n<meta property=\"og:locale\" content=\"de_DE\" \/>\n<meta property=\"og:type\" content=\"article\" \/>\n<meta property=\"og:title\" content=\"Immobilienforum in Saarbr\u00fccken gut besucht - Porta Mondial\" \/>\n<meta property=\"og:description\" content=\"Am 17. Juni veranstaltete Porta Mondial Saarbr\u00fccken zur Er\u00f6ffnung ein \u201eImmobilienforum\u201c mit Fachvortr\u00e4gen. Nach einer F\u00fchrung durch die ...\" \/>\n<meta property=\"og:url\" content=\"https:\/\/www.homes-holiday.com\/de\/immobilienforum-in-saarbruecken-gut-besucht\/\" \/>\n<meta property=\"og:site_name\" content=\"Homes &amp; Holiday AG\" \/>\n<meta property=\"article:published_time\" content=\"2011-06-22T10:39:52+00:00\" \/>\n<meta name=\"author\" content=\"Ulrike Eschenbecher\" \/>\n<meta name=\"twitter:card\" content=\"summary_large_image\" \/>\n<meta name=\"twitter:label1\" content=\"Verfasst von\" \/>\n\t<meta name=\"twitter:data1\" content=\"Ulrike Eschenbecher\" \/>\n\t<meta name=\"twitter:label2\" content=\"Gesch\u00e4tzte Lesezeit\" \/>\n\t<meta name=\"twitter:data2\" content=\"1\u00a0Minute\" \/>\n<script type=\"application\/ld+json\" class=\"yoast-schema-graph\">{\"@context\":\"https:\/\/schema.org\",\"@graph\":[{\"@type\":\"WebPage\",\"@id\":\"https:\/\/www.homes-holiday.com\/de\/immobilienforum-in-saarbruecken-gut-besucht\/\",\"url\":\"https:\/\/www.homes-holiday.com\/de\/immobilienforum-in-saarbruecken-gut-besucht\/\",\"name\":\"Immobilienforum in Saarbr\u00fccken gut besucht - Porta Mondial\",\"isPartOf\":{\"@id\":\"https:\/\/www.homes-holiday.com\/de\/#website\"},\"datePublished\":\"2011-06-22T10:39:52+00:00\",\"dateModified\":\"2011-06-22T10:39:52+00:00\",\"author\":{\"@id\":\"https:\/\/www.homes-holiday.com\/de\/#\/schema\/person\/5d75984bdaf4db548b611c0475e777b0\"},\"description\":\"Am 17. Juni veranstaltete Porta Mondial Saarbr\u00fccken zur Er\u00f6ffnung ein \u201eImmobilienforum\u201c mit Fachvortr\u00e4gen. Nach einer F\u00fchrung durch die ...\",\"breadcrumb\":{\"@id\":\"https:\/\/www.homes-holiday.com\/de\/immobilienforum-in-saarbruecken-gut-besucht\/#breadcrumb\"},\"inLanguage\":\"de\",\"potentialAction\":[{\"@type\":\"ReadAction\",\"target\":[\"https:\/\/www.homes-holiday.com\/de\/immobilienforum-in-saarbruecken-gut-besucht\/\"]}]},{\"@type\":\"BreadcrumbList\",\"@id\":\"https:\/\/www.homes-holiday.com\/de\/immobilienforum-in-saarbruecken-gut-besucht\/#breadcrumb\",\"itemListElement\":[{\"@type\":\"ListItem\",\"position\":1,\"name\":\"Startseite\",\"item\":\"https:\/\/www.homes-holiday.com\/de\/\"},{\"@type\":\"ListItem\",\"position\":2,\"name\":\"Immobilienforum in Saarbr\u00fccken gut besucht\"}]},{\"@type\":\"WebSite\",\"@id\":\"https:\/\/www.homes-holiday.com\/de\/#website\",\"url\":\"https:\/\/www.homes-holiday.com\/de\/\",\"name\":\"Homes &amp; Holiday AG\",\"description\":\"\",\"potentialAction\":[{\"@type\":\"SearchAction\",\"target\":{\"@type\":\"EntryPoint\",\"urlTemplate\":\"https:\/\/www.homes-holiday.com\/de\/?s={search_term_string}\"},\"query-input\":{\"@type\":\"PropertyValueSpecification\",\"valueRequired\":true,\"valueName\":\"search_term_string\"}}],\"inLanguage\":\"de\"},{\"@type\":\"Person\",\"@id\":\"https:\/\/www.homes-holiday.com\/de\/#\/schema\/person\/5d75984bdaf4db548b611c0475e777b0\",\"name\":\"Ulrike Eschenbecher\",\"url\":\"https:\/\/www.homes-holiday.com\/de\/author\/eschenbecher\/\"}]}<\/script>\n<!-- \/ Yoast SEO plugin. -->","yoast_head_json":{"title":"Immobilienforum in Saarbr\u00fccken gut besucht - Porta Mondial","description":"Am 17. Juni veranstaltete Porta Mondial Saarbr\u00fccken zur Er\u00f6ffnung ein \u201eImmobilienforum\u201c mit Fachvortr\u00e4gen. Nach einer F\u00fchrung durch die ...","robots":{"index":"index","follow":"follow","max-snippet":"max-snippet:-1","max-image-preview":"max-image-preview:large","max-video-preview":"max-video-preview:-1"},"canonical":"https:\/\/www.homes-holiday.com\/de\/immobilienforum-in-saarbruecken-gut-besucht\/","og_locale":"de_DE","og_type":"article","og_title":"Immobilienforum in Saarbr\u00fccken gut besucht - Porta Mondial","og_description":"Am 17. Juni veranstaltete Porta Mondial Saarbr\u00fccken zur Er\u00f6ffnung ein \u201eImmobilienforum\u201c mit Fachvortr\u00e4gen. Nach einer F\u00fchrung durch die ...","og_url":"https:\/\/www.homes-holiday.com\/de\/immobilienforum-in-saarbruecken-gut-besucht\/","og_site_name":"Homes &amp; Holiday AG","article_published_time":"2011-06-22T10:39:52+00:00","author":"Ulrike Eschenbecher","twitter_card":"summary_large_image","twitter_misc":{"Verfasst von":"Ulrike Eschenbecher","Gesch\u00e4tzte Lesezeit":"1\u00a0Minute"},"schema":{"@context":"https:\/\/schema.org","@graph":[{"@type":"WebPage","@id":"https:\/\/www.homes-holiday.com\/de\/immobilienforum-in-saarbruecken-gut-besucht\/","url":"https:\/\/www.homes-holiday.com\/de\/immobilienforum-in-saarbruecken-gut-besucht\/","name":"Immobilienforum in Saarbr\u00fccken gut besucht - Porta Mondial","isPartOf":{"@id":"https:\/\/www.homes-holiday.com\/de\/#website"},"datePublished":"2011-06-22T10:39:52+00:00","dateModified":"2011-06-22T10:39:52+00:00","author":{"@id":"https:\/\/www.homes-holiday.com\/de\/#\/schema\/person\/5d75984bdaf4db548b611c0475e777b0"},"description":"Am 17. Juni veranstaltete Porta Mondial Saarbr\u00fccken zur Er\u00f6ffnung ein \u201eImmobilienforum\u201c mit Fachvortr\u00e4gen. Nach einer F\u00fchrung durch die ...","breadcrumb":{"@id":"https:\/\/www.homes-holiday.com\/de\/immobilienforum-in-saarbruecken-gut-besucht\/#breadcrumb"},"inLanguage":"de","potentialAction":[{"@type":"ReadAction","target":["https:\/\/www.homes-holiday.com\/de\/immobilienforum-in-saarbruecken-gut-besucht\/"]}]},{"@type":"BreadcrumbList","@id":"https:\/\/www.homes-holiday.com\/de\/immobilienforum-in-saarbruecken-gut-besucht\/#breadcrumb","itemListElement":[{"@type":"ListItem","position":1,"name":"Startseite","item":"https:\/\/www.homes-holiday.com\/de\/"},{"@type":"ListItem","position":2,"name":"Immobilienforum in Saarbr\u00fccken gut besucht"}]},{"@type":"WebSite","@id":"https:\/\/www.homes-holiday.com\/de\/#website","url":"https:\/\/www.homes-holiday.com\/de\/","name":"Homes &amp; Holiday AG","description":"","potentialAction":[{"@type":"SearchAction","target":{"@type":"EntryPoint","urlTemplate":"https:\/\/www.homes-holiday.com\/de\/?s={search_term_string}"},"query-input":{"@type":"PropertyValueSpecification","valueRequired":true,"valueName":"search_term_string"}}],"inLanguage":"de"},{"@type":"Person","@id":"https:\/\/www.homes-holiday.com\/de\/#\/schema\/person\/5d75984bdaf4db548b611c0475e777b0","name":"Ulrike Eschenbecher","url":"https:\/\/www.homes-holiday.com\/de\/author\/eschenbecher\/"}]}},"_links":{"self":[{"href":"https:\/\/www.homes-holiday.com\/de\/wp-json\/wp\/v2\/posts\/62"}],"collection":[{"href":"https:\/\/www.homes-holiday.com\/de\/wp-json\/wp\/v2\/posts"}],"about":[{"href":"https:\/\/www.homes-holiday.com\/de\/wp-json\/wp\/v2\/types\/post"}],"author":[{"embeddable":true,"href":"https:\/\/www.homes-holiday.com\/de\/wp-json\/wp\/v2\/users\/2"}],"replies":[{"embeddable":true,"href":"https:\/\/www.homes-holiday.com\/de\/wp-json\/wp\/v2\/comments?post=62"}],"version-history":[{"count":0,"href":"https:\/\/www.homes-holiday.com\/de\/wp-json\/wp\/v2\/posts\/62\/revisions"}],"wp:attachment":[{"href":"https:\/\/www.homes-holiday.com\/de\/wp-json\/wp\/v2\/media?parent=62"}],"wp:term":[{"taxonomy":"category","embeddable":true,"href":"https:\/\/www.homes-holiday.com\/de\/wp-json\/wp\/v2\/categories?post=62"},{"taxonomy":"post_tag","embeddable":true,"href":"https:\/\/www.homes-holiday.com\/de\/wp-json\/wp\/v2\/tags?post=62"}],"curies":[{"name":"wp","href":"https:\/\/api.w.org\/{rel}","templated":true}]}}