{"id":2459,"date":"2017-04-30T16:56:07","date_gmt":"2017-04-30T16:56:07","guid":{"rendered":"http:\/\/www.portamondial.de\/blog\/?p=2459"},"modified":"2017-11-16T13:26:56","modified_gmt":"2017-11-16T12:26:56","slug":"porta-mallorquina-vergibt-franchiselizenz-fuer-andratx","status":"publish","type":"post","link":"https:\/\/www.homes-holiday.com\/de\/porta-mallorquina-vergibt-franchiselizenz-fuer-andratx\/","title":{"rendered":"Porta Mallorquina vergibt Franchiselizenz f\u00fcr Andratx"},"content":{"rendered":"<figure id=\"attachment_2462\" class=\"wp-caption alignright\" ><img loading=\"lazy\" decoding=\"async\" class=\"wp-image-2462 size-full\" title=\"Immobilienshop Mallorca Puerto de Andratx\" src=\"https:\/\/www.homes-holiday.com\/de\/wp-content\/uploads\/puerto-andratx-shop-neu.jpg\" alt=\"\" width=\"400\" height=\"310\" \/><figcaption class=\"wp-caption-text\">Der neue Porta Mallorquina Immobilienshop in der Calle Isaac Peral 28 in Puerto de Andratx.<\/figcaption><\/figure>\n<p>Im April \u00fcbernahmen <strong>Markus Schreurs<\/strong> und <strong>Karl-Georg Hermann<\/strong> die <a href=\"https:\/\/www.porta-mallorquina.de\/franchisepartner.html\" target=\"_blank\" rel=\"noopener noreferrer\">Porta Mallorquina Franchiselizenz<\/a> f\u00fcr das Verkaufsgebiet S\u00fcdwest I, die Region\u00a0<a href=\"https:\/\/www.porta-mallorquina.de\/immobilien\/kaufen\/puerto-andratx\/\" target=\"_blank\" rel=\"noopener noreferrer\">Andratx<\/a>.<\/p>\n<p>Porta Mallorquina Gesch\u00e4ftsf\u00fchrer Joachim Semrau zeigte sich sehr erfreut, zwei so erfahrene Immobilienunternehmer f\u00fcr den begehrten, aber auch hei\u00df umk\u00e4mpften Immobilienmarkt in Puerto de Andratx, gewinnen zu k\u00f6nnen.<\/p>\n<p>Die aus Krefeld stammenden Unternehmer haben bereits in Deutschland erfolgreich Immobilienunternehmen aufgebaut und verf\u00fcgen vor allem im Luxussegment \u00fcber langj\u00e4hrige Erfahrung.<\/p>\n<p>Markus Schreurs ist zudem noch in Deutschland mit seinen zwei Immobilienb\u00fcros in Krefeld und <a href=\"https:\/\/www.portamondial-moenchengladbach.de\/\" target=\"_blank\" rel=\"noopener noreferrer\">M\u00f6nchengladbach<\/a> Partner der Porta Mondial Gruppe, zu deren Mitbegr\u00fcndern er z\u00e4hlt.<\/p>\n<figure id=\"attachment_4089\" class=\"wp-caption alignleft\" ><img loading=\"lazy\" decoding=\"async\" class=\"wp-image-4089\" src=\"https:\/\/www.porta-mallorquina.de\/blog\/mallorca\/schreurs.jpg\" alt=\"\" width=\"200\" height=\"245\" \/><figcaption class=\"wp-caption-text\">Markus Schreurs, neuer Gesch\u00e4ftsf\u00fchrer von Porta Mallorquina in Andratx.<\/figcaption><\/figure>\n<blockquote><p>\u201ePuerto de Andratx war schon immer mein Wunschgebiet. Es gibt kein spannenderes Marktsegment auf Mallorca.\u201c<\/p><\/blockquote>\n<p>freut sich Markus Schreurs, der schon seit vielen Jahren regelm\u00e4\u00dfig nach Mallorca pendelt und die Insel bestens kennt. Sein Partner Karl-Georg Hermann erg\u00e4nzt:<\/p>\n<blockquote><p>\u201eAuf wenigen Quadratkilometern zentriert sich das qualitativ hochwertigste Immobilienangebot, was Mallorca zu bieten hat. Puerto de Andratx hat Mallorca zum Hotspot der High Society gemacht.\u201c<\/p><\/blockquote>\n<h2>Umzug in die Fu\u00dfg\u00e4ngerzone<\/h2>\n<figure id=\"attachment_4088\" class=\"wp-caption alignright\" ><img loading=\"lazy\" decoding=\"async\" class=\"wp-image-4088\" src=\"https:\/\/www.porta-mallorquina.de\/blog\/mallorca\/hermann.jpg\" alt=\"\" width=\"200\" height=\"190\" \/><figcaption class=\"wp-caption-text\">Karl-Georg Hermann, Franchisepartner der Porta Mallorquina f\u00fcr die Region Andratx<\/figcaption><\/figure>\n<p>Um ihren Kunden vor Ort noch mehr Service bieten zu k\u00f6nnen, zogen die Unternehmer mit ihrem Immobilienshop vom bisherigen Standort am Ortseingang in die g\u00fcnstiger gelegene Fu\u00dfg\u00e4ngerzone.<\/p>\n<p>Der neue <strong>Porta Mallorquina Immobilienshop<\/strong> liegt in der in der <a href=\"https:\/\/goo.gl\/maps\/LBcCfSo6Wbx\" target=\"_blank\" rel=\"noopener noreferrer\">Calle Isaac Peral, 28<\/a>, nahe der Kirche. Als B\u00fcroleitung konnte <strong>Andrea Keppler<\/strong> gewonnen werden, sie ist schon seit \u00fcber 10 Jahren in der Immobilienbranche in Puerto de Andratx t\u00e4tig, <strong>Steffen Hoier<\/strong> als weiterer Verkaufsberater vervollst\u00e4ndigt das vorl\u00e4ufige Team, das Schreurs und Hofmann noch weiter aufstocken m\u00f6chten.<\/p>\n<h2>Er\u00f6ffnungsfeier im Mai<\/h2>\n<p>Am <strong>26. Mai 2017<\/strong> findet ab 18.00 Uhr die <a href=\"http:\/\/newsletter.porta-mallorquina.de\/einladung\/2017\/mai\/\" target=\"_blank\" rel=\"noopener noreferrer\">offizelle Er\u00f6ffnungsfeier<\/a>\u00a0statt, zu der alle Freunde und Kunden von Porta Mallorquina herzlich eingeladen sind!<\/p>\n<p>&nbsp;<\/p>\n","protected":false},"excerpt":{"rendered":"<p>Im April \u00fcbernahmen Markus Schreurs und Karl-Georg Hermann die Porta Mallorquina Franchiselizenz f\u00fcr das Verkaufsgebiet S\u00fcdwest I, die Region\u00a0Andratx. Porta Mallorquina Gesch\u00e4ftsf\u00fchrer Joachim Semrau zeigte sich sehr erfreut, zwei so erfahrene Immobilienunternehmer f\u00fcr den begehrten, aber auch hei\u00df umk\u00e4mpften Immobilienmarkt in Puerto de Andratx, gewinnen zu k\u00f6nnen. Die aus Krefeld stammenden Unternehmer haben bereits in [&hellip;]<\/p>\n","protected":false},"author":2,"featured_media":0,"comment_status":"open","ping_status":"open","sticky":false,"template":"","format":"standard","meta":{"footnotes":""},"categories":[67],"tags":[],"class_list":["post-2459","post","type-post","status-publish","format-standard","hentry","category-franchise"],"yoast_head":"<!-- This site is optimized with the Yoast SEO plugin v23.7 - https:\/\/yoast.com\/wordpress\/plugins\/seo\/ -->\n<title>Porta Mallorquina vergibt Franchiselizenz f\u00fcr Andratx - Homes &amp; Holiday AG<\/title>\n<meta name=\"robots\" content=\"noindex, follow\" \/>\n<meta property=\"og:locale\" content=\"de_DE\" \/>\n<meta property=\"og:type\" content=\"article\" \/>\n<meta property=\"og:title\" content=\"Porta Mallorquina vergibt Franchiselizenz f\u00fcr Andratx - Homes &amp; Holiday AG\" \/>\n<meta property=\"og:description\" content=\"Im April \u00fcbernahmen Markus Schreurs und Karl-Georg Hermann die Porta Mallorquina Franchiselizenz f\u00fcr das Verkaufsgebiet S\u00fcdwest I, die Region\u00a0Andratx. Porta Mallorquina Gesch\u00e4ftsf\u00fchrer Joachim Semrau zeigte sich sehr erfreut, zwei so erfahrene Immobilienunternehmer f\u00fcr den begehrten, aber auch hei\u00df umk\u00e4mpften Immobilienmarkt in Puerto de Andratx, gewinnen zu k\u00f6nnen. Die aus Krefeld stammenden Unternehmer haben bereits in [&hellip;]\" \/>\n<meta property=\"og:url\" content=\"https:\/\/www.homes-holiday.com\/de\/porta-mallorquina-vergibt-franchiselizenz-fuer-andratx\/\" \/>\n<meta property=\"og:site_name\" content=\"Homes &amp; Holiday AG\" \/>\n<meta property=\"article:published_time\" content=\"2017-04-30T16:56:07+00:00\" \/>\n<meta property=\"article:modified_time\" content=\"2017-11-16T12:26:56+00:00\" \/>\n<meta property=\"og:image\" content=\"https:\/\/www.homes-holiday.com\/de\/wp-content\/uploads\/puerto-andratx-shop-neu.jpg\" \/>\n<meta name=\"author\" content=\"Ulrike Eschenbecher\" \/>\n<meta name=\"twitter:card\" content=\"summary_large_image\" \/>\n<meta name=\"twitter:label1\" content=\"Verfasst von\" \/>\n\t<meta name=\"twitter:data1\" content=\"Ulrike Eschenbecher\" \/>\n\t<meta name=\"twitter:label2\" content=\"Gesch\u00e4tzte Lesezeit\" \/>\n\t<meta name=\"twitter:data2\" content=\"2\u00a0Minuten\" \/>\n<script type=\"application\/ld+json\" class=\"yoast-schema-graph\">{\"@context\":\"https:\/\/schema.org\",\"@graph\":[{\"@type\":\"WebPage\",\"@id\":\"https:\/\/www.homes-holiday.com\/de\/porta-mallorquina-vergibt-franchiselizenz-fuer-andratx\/\",\"url\":\"https:\/\/www.homes-holiday.com\/de\/porta-mallorquina-vergibt-franchiselizenz-fuer-andratx\/\",\"name\":\"Porta Mallorquina vergibt Franchiselizenz f\u00fcr Andratx - Homes &amp; Holiday AG\",\"isPartOf\":{\"@id\":\"https:\/\/www.homes-holiday.com\/de\/#website\"},\"primaryImageOfPage\":{\"@id\":\"https:\/\/www.homes-holiday.com\/de\/porta-mallorquina-vergibt-franchiselizenz-fuer-andratx\/#primaryimage\"},\"image\":{\"@id\":\"https:\/\/www.homes-holiday.com\/de\/porta-mallorquina-vergibt-franchiselizenz-fuer-andratx\/#primaryimage\"},\"thumbnailUrl\":\"https:\/\/www.homes-holiday.com\/de\/wp-content\/uploads\/puerto-andratx-shop-neu.jpg\",\"datePublished\":\"2017-04-30T16:56:07+00:00\",\"dateModified\":\"2017-11-16T12:26:56+00:00\",\"author\":{\"@id\":\"https:\/\/www.homes-holiday.com\/de\/#\/schema\/person\/5d75984bdaf4db548b611c0475e777b0\"},\"breadcrumb\":{\"@id\":\"https:\/\/www.homes-holiday.com\/de\/porta-mallorquina-vergibt-franchiselizenz-fuer-andratx\/#breadcrumb\"},\"inLanguage\":\"de\",\"potentialAction\":[{\"@type\":\"ReadAction\",\"target\":[\"https:\/\/www.homes-holiday.com\/de\/porta-mallorquina-vergibt-franchiselizenz-fuer-andratx\/\"]}]},{\"@type\":\"ImageObject\",\"inLanguage\":\"de\",\"@id\":\"https:\/\/www.homes-holiday.com\/de\/porta-mallorquina-vergibt-franchiselizenz-fuer-andratx\/#primaryimage\",\"url\":\"https:\/\/www.homes-holiday.com\/de\/wp-content\/uploads\/puerto-andratx-shop-neu.jpg\",\"contentUrl\":\"https:\/\/www.homes-holiday.com\/de\/wp-content\/uploads\/puerto-andratx-shop-neu.jpg\",\"width\":597,\"height\":424},{\"@type\":\"BreadcrumbList\",\"@id\":\"https:\/\/www.homes-holiday.com\/de\/porta-mallorquina-vergibt-franchiselizenz-fuer-andratx\/#breadcrumb\",\"itemListElement\":[{\"@type\":\"ListItem\",\"position\":1,\"name\":\"Startseite\",\"item\":\"https:\/\/www.homes-holiday.com\/de\/\"},{\"@type\":\"ListItem\",\"position\":2,\"name\":\"Porta Mallorquina vergibt Franchiselizenz f\u00fcr Andratx\"}]},{\"@type\":\"WebSite\",\"@id\":\"https:\/\/www.homes-holiday.com\/de\/#website\",\"url\":\"https:\/\/www.homes-holiday.com\/de\/\",\"name\":\"Homes &amp; Holiday AG\",\"description\":\"\",\"potentialAction\":[{\"@type\":\"SearchAction\",\"target\":{\"@type\":\"EntryPoint\",\"urlTemplate\":\"https:\/\/www.homes-holiday.com\/de\/?s={search_term_string}\"},\"query-input\":{\"@type\":\"PropertyValueSpecification\",\"valueRequired\":true,\"valueName\":\"search_term_string\"}}],\"inLanguage\":\"de\"},{\"@type\":\"Person\",\"@id\":\"https:\/\/www.homes-holiday.com\/de\/#\/schema\/person\/5d75984bdaf4db548b611c0475e777b0\",\"name\":\"Ulrike Eschenbecher\",\"url\":\"https:\/\/www.homes-holiday.com\/de\/author\/eschenbecher\/\"}]}<\/script>\n<!-- \/ Yoast SEO plugin. -->","yoast_head_json":{"title":"Porta Mallorquina vergibt Franchiselizenz f\u00fcr Andratx - Homes &amp; Holiday AG","robots":{"index":"noindex","follow":"follow"},"og_locale":"de_DE","og_type":"article","og_title":"Porta Mallorquina vergibt Franchiselizenz f\u00fcr Andratx - Homes &amp; Holiday AG","og_description":"Im April \u00fcbernahmen Markus Schreurs und Karl-Georg Hermann die Porta Mallorquina Franchiselizenz f\u00fcr das Verkaufsgebiet S\u00fcdwest I, die Region\u00a0Andratx. Porta Mallorquina Gesch\u00e4ftsf\u00fchrer Joachim Semrau zeigte sich sehr erfreut, zwei so erfahrene Immobilienunternehmer f\u00fcr den begehrten, aber auch hei\u00df umk\u00e4mpften Immobilienmarkt in Puerto de Andratx, gewinnen zu k\u00f6nnen. Die aus Krefeld stammenden Unternehmer haben bereits in [&hellip;]","og_url":"https:\/\/www.homes-holiday.com\/de\/porta-mallorquina-vergibt-franchiselizenz-fuer-andratx\/","og_site_name":"Homes &amp; Holiday AG","article_published_time":"2017-04-30T16:56:07+00:00","article_modified_time":"2017-11-16T12:26:56+00:00","og_image":[{"url":"https:\/\/www.homes-holiday.com\/de\/wp-content\/uploads\/puerto-andratx-shop-neu.jpg"}],"author":"Ulrike Eschenbecher","twitter_card":"summary_large_image","twitter_misc":{"Verfasst von":"Ulrike Eschenbecher","Gesch\u00e4tzte Lesezeit":"2\u00a0Minuten"},"schema":{"@context":"https:\/\/schema.org","@graph":[{"@type":"WebPage","@id":"https:\/\/www.homes-holiday.com\/de\/porta-mallorquina-vergibt-franchiselizenz-fuer-andratx\/","url":"https:\/\/www.homes-holiday.com\/de\/porta-mallorquina-vergibt-franchiselizenz-fuer-andratx\/","name":"Porta Mallorquina vergibt Franchiselizenz f\u00fcr Andratx - Homes &amp; Holiday AG","isPartOf":{"@id":"https:\/\/www.homes-holiday.com\/de\/#website"},"primaryImageOfPage":{"@id":"https:\/\/www.homes-holiday.com\/de\/porta-mallorquina-vergibt-franchiselizenz-fuer-andratx\/#primaryimage"},"image":{"@id":"https:\/\/www.homes-holiday.com\/de\/porta-mallorquina-vergibt-franchiselizenz-fuer-andratx\/#primaryimage"},"thumbnailUrl":"https:\/\/www.homes-holiday.com\/de\/wp-content\/uploads\/puerto-andratx-shop-neu.jpg","datePublished":"2017-04-30T16:56:07+00:00","dateModified":"2017-11-16T12:26:56+00:00","author":{"@id":"https:\/\/www.homes-holiday.com\/de\/#\/schema\/person\/5d75984bdaf4db548b611c0475e777b0"},"breadcrumb":{"@id":"https:\/\/www.homes-holiday.com\/de\/porta-mallorquina-vergibt-franchiselizenz-fuer-andratx\/#breadcrumb"},"inLanguage":"de","potentialAction":[{"@type":"ReadAction","target":["https:\/\/www.homes-holiday.com\/de\/porta-mallorquina-vergibt-franchiselizenz-fuer-andratx\/"]}]},{"@type":"ImageObject","inLanguage":"de","@id":"https:\/\/www.homes-holiday.com\/de\/porta-mallorquina-vergibt-franchiselizenz-fuer-andratx\/#primaryimage","url":"https:\/\/www.homes-holiday.com\/de\/wp-content\/uploads\/puerto-andratx-shop-neu.jpg","contentUrl":"https:\/\/www.homes-holiday.com\/de\/wp-content\/uploads\/puerto-andratx-shop-neu.jpg","width":597,"height":424},{"@type":"BreadcrumbList","@id":"https:\/\/www.homes-holiday.com\/de\/porta-mallorquina-vergibt-franchiselizenz-fuer-andratx\/#breadcrumb","itemListElement":[{"@type":"ListItem","position":1,"name":"Startseite","item":"https:\/\/www.homes-holiday.com\/de\/"},{"@type":"ListItem","position":2,"name":"Porta Mallorquina vergibt Franchiselizenz f\u00fcr Andratx"}]},{"@type":"WebSite","@id":"https:\/\/www.homes-holiday.com\/de\/#website","url":"https:\/\/www.homes-holiday.com\/de\/","name":"Homes &amp; Holiday AG","description":"","potentialAction":[{"@type":"SearchAction","target":{"@type":"EntryPoint","urlTemplate":"https:\/\/www.homes-holiday.com\/de\/?s={search_term_string}"},"query-input":{"@type":"PropertyValueSpecification","valueRequired":true,"valueName":"search_term_string"}}],"inLanguage":"de"},{"@type":"Person","@id":"https:\/\/www.homes-holiday.com\/de\/#\/schema\/person\/5d75984bdaf4db548b611c0475e777b0","name":"Ulrike Eschenbecher","url":"https:\/\/www.homes-holiday.com\/de\/author\/eschenbecher\/"}]}},"_links":{"self":[{"href":"https:\/\/www.homes-holiday.com\/de\/wp-json\/wp\/v2\/posts\/2459"}],"collection":[{"href":"https:\/\/www.homes-holiday.com\/de\/wp-json\/wp\/v2\/posts"}],"about":[{"href":"https:\/\/www.homes-holiday.com\/de\/wp-json\/wp\/v2\/types\/post"}],"author":[{"embeddable":true,"href":"https:\/\/www.homes-holiday.com\/de\/wp-json\/wp\/v2\/users\/2"}],"replies":[{"embeddable":true,"href":"https:\/\/www.homes-holiday.com\/de\/wp-json\/wp\/v2\/comments?post=2459"}],"version-history":[{"count":5,"href":"https:\/\/www.homes-holiday.com\/de\/wp-json\/wp\/v2\/posts\/2459\/revisions"}],"predecessor-version":[{"id":10436,"href":"https:\/\/www.homes-holiday.com\/de\/wp-json\/wp\/v2\/posts\/2459\/revisions\/10436"}],"wp:attachment":[{"href":"https:\/\/www.homes-holiday.com\/de\/wp-json\/wp\/v2\/media?parent=2459"}],"wp:term":[{"taxonomy":"category","embeddable":true,"href":"https:\/\/www.homes-holiday.com\/de\/wp-json\/wp\/v2\/categories?post=2459"},{"taxonomy":"post_tag","embeddable":true,"href":"https:\/\/www.homes-holiday.com\/de\/wp-json\/wp\/v2\/tags?post=2459"}],"curies":[{"name":"wp","href":"https:\/\/api.w.org\/{rel}","templated":true}]}}