{"id":2105,"date":"2015-06-18T17:14:32","date_gmt":"2015-06-18T17:14:32","guid":{"rendered":"http:\/\/www.portamondial.de\/blog\/?p=2105"},"modified":"2017-12-01T11:25:59","modified_gmt":"2017-12-01T10:25:59","slug":"auslaender-kaufen-jede-dritte-immobilie-auf-balearen","status":"publish","type":"post","link":"https:\/\/www.homes-holiday.com\/de\/auslaender-kaufen-jede-dritte-immobilie-auf-balearen\/","title":{"rendered":"Jede dritte Immobilie auf den Balearen kauft ein Ausl\u00e4nder"},"content":{"rendered":"<p>Im Landesvergleich liegen die <strong>Balearen<\/strong> mit einem prognostizierten <strong>Wirtschaftswachstum f\u00fcr 2015 von +3,3%<\/strong> spanienweit an erster Stelle, so Rafael Dom\u00e9nech, Chef\u00f6konom der Bank BBVA f\u00fcr Spanien und Europa. Ausschlaggebend f\u00fcr die wirtschaftliche St\u00e4rke der Inseln ist vor allem der Tourismus. Im ersten Quartal 2015 stieg die Zahl der Reisenden insgesamt um 7,17%, was einem<strong> Plus von 495.000 Touristen<\/strong> gegen\u00fcber dem Vorjahreszeitraum entspricht (Quelle: AENA\/EFE). Von diesem Plus profitiert auch die Immobilienbranche.<\/p>\n<p>Innerhalb der ersten 4 Monate wurden nach Angaben des spanischen Statistikamts INE auf den Balearen <strong>3.246 Immobilien<\/strong> verkauft. Damit liegen die Trimesterzahlen mit -1% zwar leicht unter dem Vorjahreswert, aber die Tendenz zeigt nach oben, im <strong>April stiegen die Verkaufszahlen um knapp 4%<\/strong> im Vergleich zu 2014.<\/p>\n<div id=\"attachment_3296\" class=\"wp-caption aligncenter\" style=\"width: 640px;\">\n<img loading=\"lazy\" decoding=\"async\" class=\"wp-image-3296 size-full\" title=\"Villa Cala Carbo Ibiza\" src=\"https:\/\/www.homes-holiday.com\/de\/wp-content\/uploads\/villa-cala-carbo-ibiza-101646.jpg\" alt=\"Ausl\u00e4ndische Investoren kaufen vor allem Ferienimmobilien in guten Lagen auf den Balearen.\" width=\"640\" height=\"425\" \/>\n<p class=\"wp-caption-text\">Ausl\u00e4ndische Investoren kaufen vor allem Ferienimmobilien in guten Lagen auf den Balearen.<\/p>\n<\/div>\n<p>Nach Angaben des spanischen Ministeriums f\u00fcr Inlandsentwicklung, Ministerio de Fomento, wurde 2014 rund<strong> jede dritte Immobilie auf den Balearen<\/strong> an einen <strong>Ausl\u00e4nder<\/strong> verkauft. Das <strong>Investitionsvolumen<\/strong> aus dem Ausland belief sich im letzten Jahr insgesamt auf <strong>976 Millionen Euro<\/strong>, was einer Steigerung von \u00fcber 100% innerhalb der letzten f\u00fcnf Jahre entspricht.<\/p>\n<div id=\"attachment_111\" class=\"wp-caption aligncenter\" style=\"width: 600px;\">\n<img loading=\"lazy\" decoding=\"async\" class=\"wp-image-111 size-full\" title=\"Verkaufszahlen Immobilien Balearen\" src=\"https:\/\/www.premier-suisse-estates.ch\/blog\/wp-content\/uploads\/verkaufszahlen-balearen-immobilien-2013-2014.jpg\" alt=\"Verkaufszahlen Balearen Immobilien 2013-2014\" width=\"600\" height=\"312\" \/>\n<p class=\"wp-caption-text\">Nach Angaben des spanischen Ministeriums f\u00fcr Inlandsentwicklung, Ministerio de Fomento, wurde 2014 rund jede dritte Immobilie auf den Balearen an einen Ausl\u00e4nder verkauft.<\/p>\n<\/div>\n<p><strong>Joachim Semrau<\/strong>, CEO der Porta Mondial Gruppe, kann die starke Nachfrage aus dem Ausland f\u00fcr das gesamte Netzwerk best\u00e4tigen, besonders <strong>Mallorca<\/strong> steht bei Investoren derzeit hoch im Kurs.<\/p>\n<blockquote><p>\u201eRund die H\u00e4lfte der Kunden der <a href=\"https:\/\/www.porta-mallorquina.de\" target=\"_blank\" rel=\"noopener\">Porta Mallorquina<\/a> kommt aus Deutschland, \u00d6sterreich und der Schweiz, gefolgt von Briten und Skandinaviern.\u201c<\/p><\/blockquote>\n<p>Im Fokus der K\u00e4ufer stehen zunehmend auch Renditeobjekte, die in die lukrative <strong>Ferienvermietung<\/strong> gegeben werden k\u00f6nnen. Auf <strong>Mallorca<\/strong> erwirtschaften Ferienh\u00e4user in attraktiven Lagen <strong>Bruttorenditen<\/strong> von teilweise \u00fcber 5%.<\/p>\n","protected":false},"excerpt":{"rendered":"<p>Im Landesvergleich liegen die Balearen mit einem prognostizierten Wirtschaftswachstum f\u00fcr 2015 von +3,3% spanienweit an erster Stelle, so Rafael Dom\u00e9nech, Chef\u00f6konom der Bank BBVA f\u00fcr Spanien und Europa. Ausschlaggebend f\u00fcr die wirtschaftliche St\u00e4rke der Inseln ist vor allem der Tourismus. Im ersten Quartal 2015 stieg die Zahl der Reisenden insgesamt um 7,17%, was einem Plus [&hellip;]<\/p>\n","protected":false},"author":2,"featured_media":0,"comment_status":"open","ping_status":"open","sticky":false,"template":"","format":"standard","meta":{"footnotes":""},"categories":[64],"tags":[],"class_list":["post-2105","post","type-post","status-publish","format-standard","hentry","category-immobilien"],"yoast_head":"<!-- This site is optimized with the Yoast SEO plugin v23.7 - https:\/\/yoast.com\/wordpress\/plugins\/seo\/ -->\n<title>Jede dritte Immobilie auf den Balearen kauft ein Ausl\u00e4nder - Porta Mondial<\/title>\n<meta name=\"description\" content=\"Das Investitionsvolumen ausl\u00e4ndischer Investoren belief sich 2014 auf knapp 1 Mrd. \u20ac. Lesen Sie hier mehr zu den Verkaufszahlen und Kaufmotiven der Anleger\" \/>\n<meta name=\"robots\" content=\"noindex, follow\" \/>\n<meta property=\"og:locale\" content=\"de_DE\" \/>\n<meta property=\"og:type\" content=\"article\" \/>\n<meta property=\"og:title\" content=\"Jede dritte Immobilie auf den Balearen kauft ein Ausl\u00e4nder - Porta Mondial\" \/>\n<meta property=\"og:description\" content=\"Das Investitionsvolumen ausl\u00e4ndischer Investoren belief sich 2014 auf knapp 1 Mrd. \u20ac. Lesen Sie hier mehr zu den Verkaufszahlen und Kaufmotiven der Anleger\" \/>\n<meta property=\"og:url\" content=\"https:\/\/www.homes-holiday.com\/de\/auslaender-kaufen-jede-dritte-immobilie-auf-balearen\/\" \/>\n<meta property=\"og:site_name\" content=\"Homes &amp; Holiday AG\" \/>\n<meta property=\"article:published_time\" content=\"2015-06-18T17:14:32+00:00\" \/>\n<meta property=\"article:modified_time\" content=\"2017-12-01T10:25:59+00:00\" \/>\n<meta property=\"og:image\" content=\"https:\/\/www.homes-holiday.com\/de\/wp-content\/uploads\/villa-cala-carbo-ibiza-101646.jpg\" \/>\n<meta name=\"author\" content=\"Ulrike Eschenbecher\" \/>\n<meta name=\"twitter:card\" content=\"summary_large_image\" \/>\n<meta name=\"twitter:label1\" content=\"Verfasst von\" \/>\n\t<meta name=\"twitter:data1\" content=\"Ulrike Eschenbecher\" \/>\n\t<meta name=\"twitter:label2\" content=\"Gesch\u00e4tzte Lesezeit\" \/>\n\t<meta name=\"twitter:data2\" content=\"1\u00a0Minute\" \/>\n<script type=\"application\/ld+json\" class=\"yoast-schema-graph\">{\"@context\":\"https:\/\/schema.org\",\"@graph\":[{\"@type\":\"WebPage\",\"@id\":\"https:\/\/www.homes-holiday.com\/de\/auslaender-kaufen-jede-dritte-immobilie-auf-balearen\/\",\"url\":\"https:\/\/www.homes-holiday.com\/de\/auslaender-kaufen-jede-dritte-immobilie-auf-balearen\/\",\"name\":\"Jede dritte Immobilie auf den Balearen kauft ein Ausl\u00e4nder - Porta Mondial\",\"isPartOf\":{\"@id\":\"https:\/\/www.homes-holiday.com\/de\/#website\"},\"primaryImageOfPage\":{\"@id\":\"https:\/\/www.homes-holiday.com\/de\/auslaender-kaufen-jede-dritte-immobilie-auf-balearen\/#primaryimage\"},\"image\":{\"@id\":\"https:\/\/www.homes-holiday.com\/de\/auslaender-kaufen-jede-dritte-immobilie-auf-balearen\/#primaryimage\"},\"thumbnailUrl\":\"https:\/\/www.homes-holiday.com\/de\/wp-content\/uploads\/villa-cala-carbo-ibiza-101646.jpg\",\"datePublished\":\"2015-06-18T17:14:32+00:00\",\"dateModified\":\"2017-12-01T10:25:59+00:00\",\"author\":{\"@id\":\"https:\/\/www.homes-holiday.com\/de\/#\/schema\/person\/5d75984bdaf4db548b611c0475e777b0\"},\"description\":\"Das Investitionsvolumen ausl\u00e4ndischer Investoren belief sich 2014 auf knapp 1 Mrd. \u20ac. Lesen Sie hier mehr zu den Verkaufszahlen und Kaufmotiven der Anleger\",\"breadcrumb\":{\"@id\":\"https:\/\/www.homes-holiday.com\/de\/auslaender-kaufen-jede-dritte-immobilie-auf-balearen\/#breadcrumb\"},\"inLanguage\":\"de\",\"potentialAction\":[{\"@type\":\"ReadAction\",\"target\":[\"https:\/\/www.homes-holiday.com\/de\/auslaender-kaufen-jede-dritte-immobilie-auf-balearen\/\"]}]},{\"@type\":\"ImageObject\",\"inLanguage\":\"de\",\"@id\":\"https:\/\/www.homes-holiday.com\/de\/auslaender-kaufen-jede-dritte-immobilie-auf-balearen\/#primaryimage\",\"url\":\"https:\/\/www.homes-holiday.com\/de\/wp-content\/uploads\/villa-cala-carbo-ibiza-101646.jpg\",\"contentUrl\":\"https:\/\/www.homes-holiday.com\/de\/wp-content\/uploads\/villa-cala-carbo-ibiza-101646.jpg\",\"width\":640,\"height\":425},{\"@type\":\"BreadcrumbList\",\"@id\":\"https:\/\/www.homes-holiday.com\/de\/auslaender-kaufen-jede-dritte-immobilie-auf-balearen\/#breadcrumb\",\"itemListElement\":[{\"@type\":\"ListItem\",\"position\":1,\"name\":\"Startseite\",\"item\":\"https:\/\/www.homes-holiday.com\/de\/\"},{\"@type\":\"ListItem\",\"position\":2,\"name\":\"Jede dritte Immobilie auf den Balearen kauft ein Ausl\u00e4nder\"}]},{\"@type\":\"WebSite\",\"@id\":\"https:\/\/www.homes-holiday.com\/de\/#website\",\"url\":\"https:\/\/www.homes-holiday.com\/de\/\",\"name\":\"Homes &amp; Holiday AG\",\"description\":\"\",\"potentialAction\":[{\"@type\":\"SearchAction\",\"target\":{\"@type\":\"EntryPoint\",\"urlTemplate\":\"https:\/\/www.homes-holiday.com\/de\/?s={search_term_string}\"},\"query-input\":{\"@type\":\"PropertyValueSpecification\",\"valueRequired\":true,\"valueName\":\"search_term_string\"}}],\"inLanguage\":\"de\"},{\"@type\":\"Person\",\"@id\":\"https:\/\/www.homes-holiday.com\/de\/#\/schema\/person\/5d75984bdaf4db548b611c0475e777b0\",\"name\":\"Ulrike Eschenbecher\",\"url\":\"https:\/\/www.homes-holiday.com\/de\/author\/eschenbecher\/\"}]}<\/script>\n<!-- \/ Yoast SEO plugin. -->","yoast_head_json":{"title":"Jede dritte Immobilie auf den Balearen kauft ein Ausl\u00e4nder - Porta Mondial","description":"Das Investitionsvolumen ausl\u00e4ndischer Investoren belief sich 2014 auf knapp 1 Mrd. \u20ac. Lesen Sie hier mehr zu den Verkaufszahlen und Kaufmotiven der Anleger","robots":{"index":"noindex","follow":"follow"},"og_locale":"de_DE","og_type":"article","og_title":"Jede dritte Immobilie auf den Balearen kauft ein Ausl\u00e4nder - Porta Mondial","og_description":"Das Investitionsvolumen ausl\u00e4ndischer Investoren belief sich 2014 auf knapp 1 Mrd. \u20ac. Lesen Sie hier mehr zu den Verkaufszahlen und Kaufmotiven der Anleger","og_url":"https:\/\/www.homes-holiday.com\/de\/auslaender-kaufen-jede-dritte-immobilie-auf-balearen\/","og_site_name":"Homes &amp; Holiday AG","article_published_time":"2015-06-18T17:14:32+00:00","article_modified_time":"2017-12-01T10:25:59+00:00","og_image":[{"url":"https:\/\/www.homes-holiday.com\/de\/wp-content\/uploads\/villa-cala-carbo-ibiza-101646.jpg"}],"author":"Ulrike Eschenbecher","twitter_card":"summary_large_image","twitter_misc":{"Verfasst von":"Ulrike Eschenbecher","Gesch\u00e4tzte Lesezeit":"1\u00a0Minute"},"schema":{"@context":"https:\/\/schema.org","@graph":[{"@type":"WebPage","@id":"https:\/\/www.homes-holiday.com\/de\/auslaender-kaufen-jede-dritte-immobilie-auf-balearen\/","url":"https:\/\/www.homes-holiday.com\/de\/auslaender-kaufen-jede-dritte-immobilie-auf-balearen\/","name":"Jede dritte Immobilie auf den Balearen kauft ein Ausl\u00e4nder - Porta Mondial","isPartOf":{"@id":"https:\/\/www.homes-holiday.com\/de\/#website"},"primaryImageOfPage":{"@id":"https:\/\/www.homes-holiday.com\/de\/auslaender-kaufen-jede-dritte-immobilie-auf-balearen\/#primaryimage"},"image":{"@id":"https:\/\/www.homes-holiday.com\/de\/auslaender-kaufen-jede-dritte-immobilie-auf-balearen\/#primaryimage"},"thumbnailUrl":"https:\/\/www.homes-holiday.com\/de\/wp-content\/uploads\/villa-cala-carbo-ibiza-101646.jpg","datePublished":"2015-06-18T17:14:32+00:00","dateModified":"2017-12-01T10:25:59+00:00","author":{"@id":"https:\/\/www.homes-holiday.com\/de\/#\/schema\/person\/5d75984bdaf4db548b611c0475e777b0"},"description":"Das Investitionsvolumen ausl\u00e4ndischer Investoren belief sich 2014 auf knapp 1 Mrd. \u20ac. Lesen Sie hier mehr zu den Verkaufszahlen und Kaufmotiven der Anleger","breadcrumb":{"@id":"https:\/\/www.homes-holiday.com\/de\/auslaender-kaufen-jede-dritte-immobilie-auf-balearen\/#breadcrumb"},"inLanguage":"de","potentialAction":[{"@type":"ReadAction","target":["https:\/\/www.homes-holiday.com\/de\/auslaender-kaufen-jede-dritte-immobilie-auf-balearen\/"]}]},{"@type":"ImageObject","inLanguage":"de","@id":"https:\/\/www.homes-holiday.com\/de\/auslaender-kaufen-jede-dritte-immobilie-auf-balearen\/#primaryimage","url":"https:\/\/www.homes-holiday.com\/de\/wp-content\/uploads\/villa-cala-carbo-ibiza-101646.jpg","contentUrl":"https:\/\/www.homes-holiday.com\/de\/wp-content\/uploads\/villa-cala-carbo-ibiza-101646.jpg","width":640,"height":425},{"@type":"BreadcrumbList","@id":"https:\/\/www.homes-holiday.com\/de\/auslaender-kaufen-jede-dritte-immobilie-auf-balearen\/#breadcrumb","itemListElement":[{"@type":"ListItem","position":1,"name":"Startseite","item":"https:\/\/www.homes-holiday.com\/de\/"},{"@type":"ListItem","position":2,"name":"Jede dritte Immobilie auf den Balearen kauft ein Ausl\u00e4nder"}]},{"@type":"WebSite","@id":"https:\/\/www.homes-holiday.com\/de\/#website","url":"https:\/\/www.homes-holiday.com\/de\/","name":"Homes &amp; Holiday AG","description":"","potentialAction":[{"@type":"SearchAction","target":{"@type":"EntryPoint","urlTemplate":"https:\/\/www.homes-holiday.com\/de\/?s={search_term_string}"},"query-input":{"@type":"PropertyValueSpecification","valueRequired":true,"valueName":"search_term_string"}}],"inLanguage":"de"},{"@type":"Person","@id":"https:\/\/www.homes-holiday.com\/de\/#\/schema\/person\/5d75984bdaf4db548b611c0475e777b0","name":"Ulrike Eschenbecher","url":"https:\/\/www.homes-holiday.com\/de\/author\/eschenbecher\/"}]}},"_links":{"self":[{"href":"https:\/\/www.homes-holiday.com\/de\/wp-json\/wp\/v2\/posts\/2105"}],"collection":[{"href":"https:\/\/www.homes-holiday.com\/de\/wp-json\/wp\/v2\/posts"}],"about":[{"href":"https:\/\/www.homes-holiday.com\/de\/wp-json\/wp\/v2\/types\/post"}],"author":[{"embeddable":true,"href":"https:\/\/www.homes-holiday.com\/de\/wp-json\/wp\/v2\/users\/2"}],"replies":[{"embeddable":true,"href":"https:\/\/www.homes-holiday.com\/de\/wp-json\/wp\/v2\/comments?post=2105"}],"version-history":[{"count":1,"href":"https:\/\/www.homes-holiday.com\/de\/wp-json\/wp\/v2\/posts\/2105\/revisions"}],"predecessor-version":[{"id":10519,"href":"https:\/\/www.homes-holiday.com\/de\/wp-json\/wp\/v2\/posts\/2105\/revisions\/10519"}],"wp:attachment":[{"href":"https:\/\/www.homes-holiday.com\/de\/wp-json\/wp\/v2\/media?parent=2105"}],"wp:term":[{"taxonomy":"category","embeddable":true,"href":"https:\/\/www.homes-holiday.com\/de\/wp-json\/wp\/v2\/categories?post=2105"},{"taxonomy":"post_tag","embeddable":true,"href":"https:\/\/www.homes-holiday.com\/de\/wp-json\/wp\/v2\/tags?post=2105"}],"curies":[{"name":"wp","href":"https:\/\/api.w.org\/{rel}","templated":true}]}}