{"id":11217,"date":"2018-10-02T10:24:38","date_gmt":"2018-10-02T08:24:38","guid":{"rendered":"https:\/\/www.homes-holiday.com\/de\/?p=11217"},"modified":"2018-10-26T10:12:22","modified_gmt":"2018-10-26T08:12:22","slug":"homes-holiday-uebernahme-ferienvermieter-top-villas-mallorca-porta-holiday","status":"publish","type":"post","link":"https:\/\/www.homes-holiday.com\/de\/homes-holiday-uebernahme-ferienvermieter-top-villas-mallorca-porta-holiday\/","title":{"rendered":"Homes &#038; Holiday AG \u00fcbernimmt Ferienvermieter Top Villas Mallorca &#8211; Porta Holiday verf\u00fcnffacht Portfolio"},"content":{"rendered":"<p>Homes &amp; Holiday AG (ISIN: DE000A2GS5M9), Spezialist f\u00fcr Ferienimmobilien in Spanien und Deutschland, \u00fcbernimmt die auf Finca- und Ferienhausvermieter auf Mallorca spezialisierte Top Villas Mallorca S.L.<\/p>\n<figure id=\"attachment_11221\" class=\"wp-caption aligncenter\" ><img loading=\"lazy\" decoding=\"async\" class=\"wp-image-11221\" title=\"Finca Mallorca\" src=\"https:\/\/www.homes-holiday.com\/de\/wp-content\/uploads\/villa-mon-port-lounge-terrace.jpg\" alt=\"\" width=\"850\" height=\"566\" srcset=\"https:\/\/www.homes-holiday.com\/de\/wp-content\/uploads\/villa-mon-port-lounge-terrace.jpg 1732w, https:\/\/www.homes-holiday.com\/de\/wp-content\/uploads\/villa-mon-port-lounge-terrace-300x200.jpg 300w, https:\/\/www.homes-holiday.com\/de\/wp-content\/uploads\/villa-mon-port-lounge-terrace-768x512.jpg 768w, https:\/\/www.homes-holiday.com\/de\/wp-content\/uploads\/villa-mon-port-lounge-terrace-1024x682.jpg 1024w\" sizes=\"(max-width: 850px) 100vw, 850px\" \/><figcaption class=\"wp-caption-text\">Ferienvermietung auf Mallorca boomt. Mit der \u00dcbernahme von Top Villas steigt Porta Holiday zur Nummer 2 auf Mallorca auf.<\/figcaption><\/figure>\n<p>Gemeinsam mit der ebenfalls in diesem Bereich aktiven Tochtergesellschaft <a href=\"https:\/\/www.portaholiday.de\" target=\"_blank\" rel=\"noopener\">Porta Holiday<\/a> wird die neue Unternehmensgruppe mit einem Vermietungsportfolio von ann\u00e4hrend 1.000 Objekten zu den f\u00fchrenden Ferienvermietern auf Mallorca geh\u00f6ren. <strong>Janine Sabrina Klein<\/strong>, Gr\u00fcnderin und Gesch\u00e4ftsf\u00fchrerin von <a href=\"https:\/\/www.top-villas-mallorca.com\/de\/\" target=\"_blank\" rel=\"noopener\">Top Villas Mallorca<\/a> soll k\u00fcnftig auch die Leitung von Porta Holiday \u00fcbernehmen.<\/p>\n<blockquote><p>Janine Sabrina Klein: \u201cDurch die Synergien mit Porta Holiday werden wir unter anderem die Vermarktung \u00fcber die eigene, erfolgreiche Website st\u00e4rken und damit die Unabh\u00e4ngigkeit von Buchungsportalen erh\u00f6hen. Unsere Kunden profitieren von einem der gr\u00f6\u00dften Angebote im Bereich Ferienimmobilien zu attraktiven Preisen. \u00dcber den entstehenden Buchungszuwachs steigen wir zur Nummer zwei in der Ferienvermietung auf Mallorca auf und sind auf einem guten Weg, mittelfristig die Marktf\u00fchrerschaft zu \u00fcbernehmen.\u201c<\/p><\/blockquote>\n<p>Top Villas Mallorca plant f\u00fcr das Jahr 2018 ein <strong>Brutto-Buchungsvolumen von mehr als 4,0 Mio. Euro<\/strong> und einen Netto-Provisionsumsatz von mehr als 700.000 Euro.<\/p>\n<blockquote><p>\u201eTop Villas Mallorca ist seit Jahren auf Mallorca fest etabliert, profitabel und hat eine klare Wachstumsstrategie. Daher freuen wir uns sehr, Janine Sabrina Klein und ihr Team f\u00fcr unsere Gruppe begeistert zu haben\u201c, sagt Joachim Semrau, Gr\u00fcnder und CEO der Homes &amp; Holiday AG. \u201eDer Markt f\u00fcr <a href=\"https:\/\/www.portaholiday.de\/mallorca\/fincas\/\">hochwertigen Finca-Urlaub auf Mallorca<\/a> boomt und gemeinsam werden wir die vorhandenen Wachstumschancen konsequenter nutzen und Synergien heben.\u201c<\/p><\/blockquote>\n<p>Derzeit verf\u00fcgen rund 13.000 Objekte auf Mallorca \u00fcber eine <a href=\"https:\/\/www.portaholiday.de\/blog\/ferienvermietung-mallorca-gesetz-2018\/\" target=\"_blank\" rel=\"noopener\"><strong>Ferienvermietungslizenz der Tourismusbeh\u00f6rde<\/strong><\/a>. Die Vergabe weiterer rund 6.000 Lizenzen ist geplant.<\/p>\n<p>F\u00fcr Porta Holiday ist es bereits die <strong>zweite Akquisition im laufenden Jahr<\/strong>, im Mai wurde das Portfolio von easyFinca \u00fcbernommen. Damit hat Porta Holiday den Objektbestand in 2018 von 220 auf rund 1.000 mehr als verf\u00fcnffacht. Dies erh\u00f6ht deutlich die Attraktivit\u00e4t und Sichtbarkeit des eigenen Buchungsportals portaholiday.de<\/p>\n<blockquote><p>Joachim Semrau: \u201eMit <a href=\"https:\/\/www.porta-mallorquina.de\" target=\"_blank\" rel=\"noopener\">Porta Mallorquina Real Estate<\/a> sind wir im Internet seit Jahren der f\u00fchrende Makler f\u00fcr Ferienimmobilien auf Mallorca. Auch in der Ferienvermietung wollen wir zu den Marktf\u00fchrern geh\u00f6ren und mit Top Villas Mallorca kommen wir diesem Ziel einen gro\u00dfen Schritt n\u00e4her. Mit rund 1.000 Objekten haben wir eine wichtige Marke erreicht, um das Buchungsvolumen deutlich zu steigern und Skaleneffekte zu nutzen. Damit haben wir die Voraussetzungen geschaffen, dass der Bereich Ferienvermietung ab 2019 deutlich positiv zur Umsatz- und Ertragslage der gesamten Homes &amp; Holiday Gruppe beitragen kann.\u201c<\/p><\/blockquote>\n<h2>Liquidit\u00e4tsschonende Aktienkomponente<\/h2>\n<p>Ein Teil der Kaufpreiszahlung f\u00fcr Top Villas Mallorca wird liquidit\u00e4tsschonend in <a href=\"https:\/\/www.homes-holiday.com\/de\/ir\/\" target=\"_blank\" rel=\"noopener\">Aktien<\/a> der Homes &amp; Holiday AG erfolgen. Dazu ist die Durchf\u00fchrung einer Sachkapitalerh\u00f6hung um 195.888 neue Aktien der Homes &amp; Holiday AG geplant. Derzeit liegt das Grundkapital der Homes &amp; Holiday AG bei 12.614.724 Aktien.<\/p>\n<p>Die Bewertung der neuen Aktien entspricht mit 2,50 Euro je Aktie dem Emissionspreis beim B\u00f6rsengang im Juli 2018. Dar\u00fcber hinaus besteht eine Verpflichtung (Lockup), die neuen Aktien f\u00fcr einen Mindestzeitraum von einem Jahr zu halten. \u00dcber die H\u00f6he der Bar-Komponente des Kaufpreises \u2013 die zu rund 54% an definierte Ertragsziele f\u00fcr die Jahre 2018 und 2019 gekoppelt ist \u2013 wurde Stillschweigen vereinbart.<\/p>\n","protected":false},"excerpt":{"rendered":"<p>Homes &amp; Holiday AG (ISIN: DE000A2GS5M9), Spezialist f\u00fcr Ferienimmobilien in Spanien und Deutschland, \u00fcbernimmt die auf Finca- und Ferienhausvermieter auf Mallorca spezialisierte Top Villas Mallorca S.L. Gemeinsam mit der ebenfalls in diesem Bereich aktiven Tochtergesellschaft Porta Holiday wird die neue Unternehmensgruppe mit einem Vermietungsportfolio von ann\u00e4hrend 1.000 Objekten zu den f\u00fchrenden Ferienvermietern auf Mallorca geh\u00f6ren. [&hellip;]<\/p>\n","protected":false},"author":2,"featured_media":0,"comment_status":"open","ping_status":"open","sticky":false,"template":"","format":"standard","meta":{"footnotes":""},"categories":[82,65],"tags":[],"class_list":["post-11217","post","type-post","status-publish","format-standard","hentry","category-ferienvermietung","category-news"],"yoast_head":"<!-- This site is optimized with the Yoast SEO plugin v23.7 - https:\/\/yoast.com\/wordpress\/plugins\/seo\/ -->\n<title>Homes &amp; Holiday AG \u00fcbernimmt Ferienvermieter Top Villas Mallorca - Porta Holiday verf\u00fcnffacht Portfolio - Homes &amp; Holiday AG<\/title>\n<meta name=\"robots\" content=\"index, follow, max-snippet:-1, max-image-preview:large, max-video-preview:-1\" \/>\n<link rel=\"canonical\" href=\"https:\/\/www.homes-holiday.com\/de\/homes-holiday-uebernahme-ferienvermieter-top-villas-mallorca-porta-holiday\/\" \/>\n<meta property=\"og:locale\" content=\"de_DE\" \/>\n<meta property=\"og:type\" content=\"article\" \/>\n<meta property=\"og:title\" content=\"Homes &amp; Holiday AG \u00fcbernimmt Ferienvermieter Top Villas Mallorca - Porta Holiday verf\u00fcnffacht Portfolio - Homes &amp; Holiday AG\" \/>\n<meta property=\"og:description\" content=\"Homes &amp; Holiday AG (ISIN: DE000A2GS5M9), Spezialist f\u00fcr Ferienimmobilien in Spanien und Deutschland, \u00fcbernimmt die auf Finca- und Ferienhausvermieter auf Mallorca spezialisierte Top Villas Mallorca S.L. Gemeinsam mit der ebenfalls in diesem Bereich aktiven Tochtergesellschaft Porta Holiday wird die neue Unternehmensgruppe mit einem Vermietungsportfolio von ann\u00e4hrend 1.000 Objekten zu den f\u00fchrenden Ferienvermietern auf Mallorca geh\u00f6ren. [&hellip;]\" \/>\n<meta property=\"og:url\" content=\"https:\/\/www.homes-holiday.com\/de\/homes-holiday-uebernahme-ferienvermieter-top-villas-mallorca-porta-holiday\/\" \/>\n<meta property=\"og:site_name\" content=\"Homes &amp; Holiday AG\" \/>\n<meta property=\"article:published_time\" content=\"2018-10-02T08:24:38+00:00\" \/>\n<meta property=\"article:modified_time\" content=\"2018-10-26T08:12:22+00:00\" \/>\n<meta property=\"og:image\" content=\"https:\/\/www.homes-holiday.com\/de\/wp-content\/uploads\/villa-mon-port-lounge-terrace.jpg\" \/>\n<meta name=\"author\" content=\"Ulrike Eschenbecher\" \/>\n<meta name=\"twitter:card\" content=\"summary_large_image\" \/>\n<meta name=\"twitter:label1\" content=\"Verfasst von\" \/>\n\t<meta name=\"twitter:data1\" content=\"Ulrike Eschenbecher\" \/>\n\t<meta name=\"twitter:label2\" content=\"Gesch\u00e4tzte Lesezeit\" \/>\n\t<meta name=\"twitter:data2\" content=\"3\u00a0Minuten\" \/>\n<script type=\"application\/ld+json\" class=\"yoast-schema-graph\">{\"@context\":\"https:\/\/schema.org\",\"@graph\":[{\"@type\":\"WebPage\",\"@id\":\"https:\/\/www.homes-holiday.com\/de\/homes-holiday-uebernahme-ferienvermieter-top-villas-mallorca-porta-holiday\/\",\"url\":\"https:\/\/www.homes-holiday.com\/de\/homes-holiday-uebernahme-ferienvermieter-top-villas-mallorca-porta-holiday\/\",\"name\":\"Homes & Holiday AG \u00fcbernimmt Ferienvermieter Top Villas Mallorca - Porta Holiday verf\u00fcnffacht Portfolio - Homes &amp; Holiday AG\",\"isPartOf\":{\"@id\":\"https:\/\/www.homes-holiday.com\/de\/#website\"},\"primaryImageOfPage\":{\"@id\":\"https:\/\/www.homes-holiday.com\/de\/homes-holiday-uebernahme-ferienvermieter-top-villas-mallorca-porta-holiday\/#primaryimage\"},\"image\":{\"@id\":\"https:\/\/www.homes-holiday.com\/de\/homes-holiday-uebernahme-ferienvermieter-top-villas-mallorca-porta-holiday\/#primaryimage\"},\"thumbnailUrl\":\"https:\/\/www.homes-holiday.com\/de\/wp-content\/uploads\/villa-mon-port-lounge-terrace.jpg\",\"datePublished\":\"2018-10-02T08:24:38+00:00\",\"dateModified\":\"2018-10-26T08:12:22+00:00\",\"author\":{\"@id\":\"https:\/\/www.homes-holiday.com\/de\/#\/schema\/person\/5d75984bdaf4db548b611c0475e777b0\"},\"breadcrumb\":{\"@id\":\"https:\/\/www.homes-holiday.com\/de\/homes-holiday-uebernahme-ferienvermieter-top-villas-mallorca-porta-holiday\/#breadcrumb\"},\"inLanguage\":\"de\",\"potentialAction\":[{\"@type\":\"ReadAction\",\"target\":[\"https:\/\/www.homes-holiday.com\/de\/homes-holiday-uebernahme-ferienvermieter-top-villas-mallorca-porta-holiday\/\"]}]},{\"@type\":\"ImageObject\",\"inLanguage\":\"de\",\"@id\":\"https:\/\/www.homes-holiday.com\/de\/homes-holiday-uebernahme-ferienvermieter-top-villas-mallorca-porta-holiday\/#primaryimage\",\"url\":\"https:\/\/www.homes-holiday.com\/de\/wp-content\/uploads\/villa-mon-port-lounge-terrace.jpg\",\"contentUrl\":\"https:\/\/www.homes-holiday.com\/de\/wp-content\/uploads\/villa-mon-port-lounge-terrace.jpg\",\"width\":1732,\"height\":1154,\"caption\":\"Ferienvermietung auf Mallorca boomt. Mit der \u00dcbernahme von Top Villas steigt Porta Holiday zur Nummer 2 auf Mallorca auf.\"},{\"@type\":\"BreadcrumbList\",\"@id\":\"https:\/\/www.homes-holiday.com\/de\/homes-holiday-uebernahme-ferienvermieter-top-villas-mallorca-porta-holiday\/#breadcrumb\",\"itemListElement\":[{\"@type\":\"ListItem\",\"position\":1,\"name\":\"Startseite\",\"item\":\"https:\/\/www.homes-holiday.com\/de\/\"},{\"@type\":\"ListItem\",\"position\":2,\"name\":\"Homes &#038; Holiday AG \u00fcbernimmt Ferienvermieter Top Villas Mallorca &#8211; Porta Holiday verf\u00fcnffacht Portfolio\"}]},{\"@type\":\"WebSite\",\"@id\":\"https:\/\/www.homes-holiday.com\/de\/#website\",\"url\":\"https:\/\/www.homes-holiday.com\/de\/\",\"name\":\"Homes &amp; Holiday AG\",\"description\":\"\",\"potentialAction\":[{\"@type\":\"SearchAction\",\"target\":{\"@type\":\"EntryPoint\",\"urlTemplate\":\"https:\/\/www.homes-holiday.com\/de\/?s={search_term_string}\"},\"query-input\":{\"@type\":\"PropertyValueSpecification\",\"valueRequired\":true,\"valueName\":\"search_term_string\"}}],\"inLanguage\":\"de\"},{\"@type\":\"Person\",\"@id\":\"https:\/\/www.homes-holiday.com\/de\/#\/schema\/person\/5d75984bdaf4db548b611c0475e777b0\",\"name\":\"Ulrike Eschenbecher\",\"url\":\"https:\/\/www.homes-holiday.com\/de\/author\/eschenbecher\/\"}]}<\/script>\n<!-- \/ Yoast SEO plugin. -->","yoast_head_json":{"title":"Homes & Holiday AG \u00fcbernimmt Ferienvermieter Top Villas Mallorca - Porta Holiday verf\u00fcnffacht Portfolio - Homes &amp; Holiday AG","robots":{"index":"index","follow":"follow","max-snippet":"max-snippet:-1","max-image-preview":"max-image-preview:large","max-video-preview":"max-video-preview:-1"},"canonical":"https:\/\/www.homes-holiday.com\/de\/homes-holiday-uebernahme-ferienvermieter-top-villas-mallorca-porta-holiday\/","og_locale":"de_DE","og_type":"article","og_title":"Homes & Holiday AG \u00fcbernimmt Ferienvermieter Top Villas Mallorca - Porta Holiday verf\u00fcnffacht Portfolio - Homes &amp; Holiday AG","og_description":"Homes &amp; Holiday AG (ISIN: DE000A2GS5M9), Spezialist f\u00fcr Ferienimmobilien in Spanien und Deutschland, \u00fcbernimmt die auf Finca- und Ferienhausvermieter auf Mallorca spezialisierte Top Villas Mallorca S.L. Gemeinsam mit der ebenfalls in diesem Bereich aktiven Tochtergesellschaft Porta Holiday wird die neue Unternehmensgruppe mit einem Vermietungsportfolio von ann\u00e4hrend 1.000 Objekten zu den f\u00fchrenden Ferienvermietern auf Mallorca geh\u00f6ren. [&hellip;]","og_url":"https:\/\/www.homes-holiday.com\/de\/homes-holiday-uebernahme-ferienvermieter-top-villas-mallorca-porta-holiday\/","og_site_name":"Homes &amp; Holiday AG","article_published_time":"2018-10-02T08:24:38+00:00","article_modified_time":"2018-10-26T08:12:22+00:00","og_image":[{"url":"https:\/\/www.homes-holiday.com\/de\/wp-content\/uploads\/villa-mon-port-lounge-terrace.jpg"}],"author":"Ulrike Eschenbecher","twitter_card":"summary_large_image","twitter_misc":{"Verfasst von":"Ulrike Eschenbecher","Gesch\u00e4tzte Lesezeit":"3\u00a0Minuten"},"schema":{"@context":"https:\/\/schema.org","@graph":[{"@type":"WebPage","@id":"https:\/\/www.homes-holiday.com\/de\/homes-holiday-uebernahme-ferienvermieter-top-villas-mallorca-porta-holiday\/","url":"https:\/\/www.homes-holiday.com\/de\/homes-holiday-uebernahme-ferienvermieter-top-villas-mallorca-porta-holiday\/","name":"Homes & Holiday AG \u00fcbernimmt Ferienvermieter Top Villas Mallorca - Porta Holiday verf\u00fcnffacht Portfolio - Homes &amp; Holiday AG","isPartOf":{"@id":"https:\/\/www.homes-holiday.com\/de\/#website"},"primaryImageOfPage":{"@id":"https:\/\/www.homes-holiday.com\/de\/homes-holiday-uebernahme-ferienvermieter-top-villas-mallorca-porta-holiday\/#primaryimage"},"image":{"@id":"https:\/\/www.homes-holiday.com\/de\/homes-holiday-uebernahme-ferienvermieter-top-villas-mallorca-porta-holiday\/#primaryimage"},"thumbnailUrl":"https:\/\/www.homes-holiday.com\/de\/wp-content\/uploads\/villa-mon-port-lounge-terrace.jpg","datePublished":"2018-10-02T08:24:38+00:00","dateModified":"2018-10-26T08:12:22+00:00","author":{"@id":"https:\/\/www.homes-holiday.com\/de\/#\/schema\/person\/5d75984bdaf4db548b611c0475e777b0"},"breadcrumb":{"@id":"https:\/\/www.homes-holiday.com\/de\/homes-holiday-uebernahme-ferienvermieter-top-villas-mallorca-porta-holiday\/#breadcrumb"},"inLanguage":"de","potentialAction":[{"@type":"ReadAction","target":["https:\/\/www.homes-holiday.com\/de\/homes-holiday-uebernahme-ferienvermieter-top-villas-mallorca-porta-holiday\/"]}]},{"@type":"ImageObject","inLanguage":"de","@id":"https:\/\/www.homes-holiday.com\/de\/homes-holiday-uebernahme-ferienvermieter-top-villas-mallorca-porta-holiday\/#primaryimage","url":"https:\/\/www.homes-holiday.com\/de\/wp-content\/uploads\/villa-mon-port-lounge-terrace.jpg","contentUrl":"https:\/\/www.homes-holiday.com\/de\/wp-content\/uploads\/villa-mon-port-lounge-terrace.jpg","width":1732,"height":1154,"caption":"Ferienvermietung auf Mallorca boomt. Mit der \u00dcbernahme von Top Villas steigt Porta Holiday zur Nummer 2 auf Mallorca auf."},{"@type":"BreadcrumbList","@id":"https:\/\/www.homes-holiday.com\/de\/homes-holiday-uebernahme-ferienvermieter-top-villas-mallorca-porta-holiday\/#breadcrumb","itemListElement":[{"@type":"ListItem","position":1,"name":"Startseite","item":"https:\/\/www.homes-holiday.com\/de\/"},{"@type":"ListItem","position":2,"name":"Homes &#038; Holiday AG \u00fcbernimmt Ferienvermieter Top Villas Mallorca &#8211; Porta Holiday verf\u00fcnffacht Portfolio"}]},{"@type":"WebSite","@id":"https:\/\/www.homes-holiday.com\/de\/#website","url":"https:\/\/www.homes-holiday.com\/de\/","name":"Homes &amp; Holiday AG","description":"","potentialAction":[{"@type":"SearchAction","target":{"@type":"EntryPoint","urlTemplate":"https:\/\/www.homes-holiday.com\/de\/?s={search_term_string}"},"query-input":{"@type":"PropertyValueSpecification","valueRequired":true,"valueName":"search_term_string"}}],"inLanguage":"de"},{"@type":"Person","@id":"https:\/\/www.homes-holiday.com\/de\/#\/schema\/person\/5d75984bdaf4db548b611c0475e777b0","name":"Ulrike Eschenbecher","url":"https:\/\/www.homes-holiday.com\/de\/author\/eschenbecher\/"}]}},"_links":{"self":[{"href":"https:\/\/www.homes-holiday.com\/de\/wp-json\/wp\/v2\/posts\/11217"}],"collection":[{"href":"https:\/\/www.homes-holiday.com\/de\/wp-json\/wp\/v2\/posts"}],"about":[{"href":"https:\/\/www.homes-holiday.com\/de\/wp-json\/wp\/v2\/types\/post"}],"author":[{"embeddable":true,"href":"https:\/\/www.homes-holiday.com\/de\/wp-json\/wp\/v2\/users\/2"}],"replies":[{"embeddable":true,"href":"https:\/\/www.homes-holiday.com\/de\/wp-json\/wp\/v2\/comments?post=11217"}],"version-history":[{"count":5,"href":"https:\/\/www.homes-holiday.com\/de\/wp-json\/wp\/v2\/posts\/11217\/revisions"}],"predecessor-version":[{"id":11233,"href":"https:\/\/www.homes-holiday.com\/de\/wp-json\/wp\/v2\/posts\/11217\/revisions\/11233"}],"wp:attachment":[{"href":"https:\/\/www.homes-holiday.com\/de\/wp-json\/wp\/v2\/media?parent=11217"}],"wp:term":[{"taxonomy":"category","embeddable":true,"href":"https:\/\/www.homes-holiday.com\/de\/wp-json\/wp\/v2\/categories?post=11217"},{"taxonomy":"post_tag","embeddable":true,"href":"https:\/\/www.homes-holiday.com\/de\/wp-json\/wp\/v2\/tags?post=11217"}],"curies":[{"name":"wp","href":"https:\/\/api.w.org\/{rel}","templated":true}]}}