{"id":10979,"date":"2018-06-20T10:56:30","date_gmt":"2018-06-20T08:56:30","guid":{"rendered":"https:\/\/www.homes-holiday.com\/de\/?p=10979"},"modified":"2018-06-20T12:09:36","modified_gmt":"2018-06-20T10:09:36","slug":"immobilienshop-portalsnous-mallorca","status":"publish","type":"post","link":"https:\/\/www.homes-holiday.com\/de\/immobilienshop-portalsnous-mallorca\/","title":{"rendered":"Porta Mallorquina er\u00f6ffnet Immobilienshop in Portals Nous"},"content":{"rendered":"<p>Rund 160 G\u00e4ste kamen am Freitag, den 15. Juni 2018 in die <strong>Carreer Andratx Nummer 30<\/strong>, um bei strahlendem Wetter die offizielle Er\u00f6ffnung des Porta Mallorquina Immobilienshops in <a href=\"https:\/\/www.porta-mallorquina.de\/suedwest-portals\/\" target=\"_blank\" rel=\"noopener\">Portals Nous<\/a> zu feiern.<\/p>\n<figure id=\"attachment_10980\" class=\"wp-caption aligncenter\" ><img loading=\"lazy\" decoding=\"async\" class=\"wp-image-10980 size-full\" title=\"Immobilienshop Portals Nous\" src=\"https:\/\/www.homes-holiday.com\/de\/wp-content\/uploads\/eroeffnung_portals_patricia_lozano_mm.jpg\" alt=\"\" width=\"600\" height=\"400\" srcset=\"https:\/\/www.homes-holiday.com\/de\/wp-content\/uploads\/eroeffnung_portals_patricia_lozano_mm.jpg 600w, https:\/\/www.homes-holiday.com\/de\/wp-content\/uploads\/eroeffnung_portals_patricia_lozano_mm-300x200.jpg 300w\" sizes=\"(max-width: 600px) 100vw, 600px\" \/><figcaption class=\"wp-caption-text\">Gro\u00dfer Andrang am Freitag auf der Hauptstra\u00dfe von Portals Nous. Zur Er\u00f6ffnung des Porta Mallorquina Immobilienshops kamen insgesamt rund 160 G\u00e4ste. Foto: Patrizia Lozano, Mallorca Magazin.<\/figcaption><\/figure>\n<p><strong>Franchisepartner Mirjana Antic und Timo Weibel<\/strong> waren begeistert von so viel positiver Resonanz:<\/p>\n<blockquote><p>\u201eUnglaublich, wie viele heute zu uns gekommen sind, obwohl doch Spanien gegen Portugal spielt.\u201c, freuen sich die beiden.<\/p><\/blockquote>\n<p>W\u00e4hrend die heimische Equipe nur ein Remis erzielte, war Porta Mallorquina der Gewinner des Abends. Bei bester Stimmung genossen die anwesenden G\u00e4ste zu hei\u00dfen DJ-Rhythmen den lauen Sommerabend.<\/p>\n<h2>Zentrale Lage in Portals Nous<\/h2>\n<p>Der edle, ganz in wei\u00df gehaltene Shop mit dem bekannten gr\u00fcnen Porta Mallorquina Logo liegt zentral ungef\u00e4hr in der Mitte der Hauptstra\u00dfe von Portals Nous.<\/p>\n<p>Direkt gegen\u00fcber f\u00fchrt eine Stra\u00dfe zum <strong>Nobelhafen Puerto Portals<\/strong>, der den Ort zum Synonym f\u00fcr Luxus und Lifestyle auf der Insel gemacht hat.<\/p>\n<figure id=\"attachment_4506\" class=\"wp-caption aligncenter\" ><img loading=\"lazy\" decoding=\"async\" class=\"wp-image-4506\" src=\"https:\/\/www.porta-mallorquina.de\/blog\/mallorca\/IMG_0351-1.jpg\" alt=\"\" width=\"600\" height=\"450\" \/><figcaption class=\"wp-caption-text\">Der bekannte Nobelhafen Puerto Portals ist das Wahrzeichen von Portals Nous.<\/figcaption><\/figure>\n<h2>Franchisepartner expandieren mit zweiter Lizenz<\/h2>\n<p>F\u00fcr Mirjana Antic und Timo Weibel ist es bereits die zweite Verkaufsregion, die sie als<a href=\"https:\/\/www.porta-mallorquina.de\/franchisepartner.html\" target=\"_blank\" rel=\"noopener\"> Porta Mallorquina Franchisepartner<\/a> \u00fcbernommen haben. Die beiden f\u00fchren bereits erfolgreich die Verkaufsregion S\u00fcdost mit einem Immobilienshop in <strong>Santany\u00ed<\/strong>. Die Region Portals Nous, die von <strong>Cas Catal\u00e1 bis Palma Nova<\/strong> reicht, ist f\u00fcr die beiden die ideale Erg\u00e4nzung im Portfolio:<\/p>\n<blockquote><p>\u201eIm S\u00fcdosten finden unsere Kunden eine reiche Auswahl an gehobenen Fincas mit viel Land und Fernblick. Die Region Puerto Portals punktet hingegen mit einem gro\u00dfen Angebot an Immobilien in erster Meereslinie und hat einen starken Wohnungsmarkt.\u201c<\/p><\/blockquote>\n<h2>Hotspot f\u00fcr Luxusimmobilien<\/h2>\n<p>Preislich bewegt sich die Region um <a href=\"https:\/\/www.porta-mallorquina.de\/immobilien\/kaufen\/portals-nous\/\" target=\"_blank\" rel=\"noopener\">Portals Nous<\/a> im Spitzenbereich. Vor allem in <a href=\"https:\/\/www.porta-mallorquina.de\/immobilien\/kaufen\/bendinat\/\" target=\"_blank\" rel=\"noopener\">Bendinat<\/a> und <a href=\"https:\/\/www.porta-mallorquina.de\/immobilien\/kaufen\/costa-den-blanes\/\">Costa d\u2019en Blanes<\/a> werden die ohnehin schon hohen Preise im S\u00fcdwesten nochmals getoppt. Daf\u00fcr erhalten die Kunden auch alle Vorz\u00fcge, die Mallorca zu bieten hat: Traumhaften Meerblick, perfekte Infrastruktur und eine kurze Anbindung an Palma.<\/p>\n<p>Vor allem Hafen Portals Nous zieht viele Yachtbesitzer in die Region, die vom Publikum her internationaler ist, als zum Beispiel in <a href=\"https:\/\/www.porta-mallorquina.de\/immobilien\/kaufen\/puerto-andratx\/\">Puerto Andratx<\/a>, das vor allem bei den Deutschen so beliebt ist.<strong> Rund 200 Objekte<\/strong> umfasst das aktuelle Immobilienangebot in der Region, die Preise variieren zwischen rund 300.000 \u20ac f\u00fcr Apartments bis hin zur 14 Millionen <a href=\"https:\/\/www.porta-mallorquina.de\/immobilien\/bendinat-haus-111301.html\">Luxusvilla in Bendinat<\/a>.<\/p>\n<h2>Drei Shops im S\u00fcdwesten, neun Standorte auf Mallorca<\/h2>\n<blockquote><p>\u201eUnsere Kunden suchen in der Regel an der gesamten K\u00fcste, von Cas Catal\u00e0 bis Puerto Andratx.\u201c, stellt Mirjana Antic fest.<\/p><\/blockquote>\n<p>Deshalb arbeitet das f\u00fcnfk\u00f6pfige Team von Puerto Portals auch eng mit den anderen Franchisepartnern im S\u00fcdwesten zusammen.<\/p>\n<p>Porta Mallorquina Gesch\u00e4ftsf\u00fchrer Ralf Spielvogel freut sich \u00fcber die gelebten Synergien:<\/p>\n<blockquote><p>\u201e\u00dcber unser dichtes Standortnetz bieten wir unseren Kunden auf der gesamten Insel eine reiche Immobilienauswahl und kurze Wege vor Ort.\u201c<\/p><\/blockquote>\n<h2>B\u00f6rsengang Muttergesellschaft Homes &amp; Holiday AG<\/h2>\n<p>Trotz enger Terminplanung wegen des bevorstehenden IPOs der Muttergesellschaft von Porta Mallorquina, der Homes &amp; Holiday AG, lie\u00df es sich <strong>Porta Mallorquina Gr\u00fcnder Joachim Semrau<\/strong> nicht nehmen, dem Team pers\u00f6nlich zu gratulieren und viel Erfolg zu w\u00fcnschen.<\/p>\n<p>Zu seiner guten Laune trug auch die bisher sehr positive Resonanz auf den bevorstehenden B\u00f6rsengang bei. <strong>Die Zeichnungsfrist l\u00e4uft noch an der B\u00f6rse M\u00fcnchen bis 21. Juni<\/strong>, der rechtlich ma\u00dfgebliche Wertpapierprospekt befindet sich auf <a href=\"https:\/\/www.homes-holiday.com\/de\/ir\/\" target=\"_blank\" rel=\"noopener\"><strong>www.homes-holiday.com\/ir\/<\/strong><\/a><\/p>\n<p>Mit den <strong>neun Standorten<\/strong> ist die Expansion der Gruppe auf den Balearen noch nicht abgeschlossen. Der n\u00e4chste Er\u00f6ffnungstermin steht bereits fest: Mitte Juli er\u00f6ffnet der <a href=\"https:\/\/www.portamenorquina.de\/\" target=\"_blank\" rel=\"noopener\">erste Immobilienshop auf Menorca<\/a>, in der Hauptstadt Mah\u00f3n.<\/p>\n<p>&nbsp;<\/p>\n","protected":false},"excerpt":{"rendered":"<p>Rund 160 G\u00e4ste kamen am Freitag, den 15. Juni 2018 in die Carreer Andratx Nummer 30, um bei strahlendem Wetter die offizielle Er\u00f6ffnung des Porta Mallorquina Immobilienshops in Portals Nous zu feiern. Franchisepartner Mirjana Antic und Timo Weibel waren begeistert von so viel positiver Resonanz: \u201eUnglaublich, wie viele heute zu uns gekommen sind, obwohl doch [&hellip;]<\/p>\n","protected":false},"author":2,"featured_media":0,"comment_status":"open","ping_status":"open","sticky":false,"template":"","format":"standard","meta":{"footnotes":""},"categories":[67,65],"tags":[],"class_list":["post-10979","post","type-post","status-publish","format-standard","hentry","category-franchise","category-news"],"yoast_head":"<!-- This site is optimized with the Yoast SEO plugin v23.7 - https:\/\/yoast.com\/wordpress\/plugins\/seo\/ -->\n<title>Porta Mallorquina er\u00f6ffnet Immobilienshop in Portals Nous - Homes &amp; Holiday AG<\/title>\n<meta name=\"robots\" content=\"noindex, follow\" \/>\n<meta property=\"og:locale\" content=\"de_DE\" \/>\n<meta property=\"og:type\" content=\"article\" \/>\n<meta property=\"og:title\" content=\"Porta Mallorquina er\u00f6ffnet Immobilienshop in Portals Nous - Homes &amp; Holiday AG\" \/>\n<meta property=\"og:description\" content=\"Rund 160 G\u00e4ste kamen am Freitag, den 15. Juni 2018 in die Carreer Andratx Nummer 30, um bei strahlendem Wetter die offizielle Er\u00f6ffnung des Porta Mallorquina Immobilienshops in Portals Nous zu feiern. Franchisepartner Mirjana Antic und Timo Weibel waren begeistert von so viel positiver Resonanz: \u201eUnglaublich, wie viele heute zu uns gekommen sind, obwohl doch [&hellip;]\" \/>\n<meta property=\"og:url\" content=\"https:\/\/www.homes-holiday.com\/de\/immobilienshop-portalsnous-mallorca\/\" \/>\n<meta property=\"og:site_name\" content=\"Homes &amp; Holiday AG\" \/>\n<meta property=\"article:published_time\" content=\"2018-06-20T08:56:30+00:00\" \/>\n<meta property=\"article:modified_time\" content=\"2018-06-20T10:09:36+00:00\" \/>\n<meta property=\"og:image\" content=\"https:\/\/www.homes-holiday.com\/de\/wp-content\/uploads\/eroeffnung_portals_patricia_lozano_mm.jpg\" \/>\n<meta name=\"author\" content=\"Ulrike Eschenbecher\" \/>\n<meta name=\"twitter:card\" content=\"summary_large_image\" \/>\n<meta name=\"twitter:label1\" content=\"Verfasst von\" \/>\n\t<meta name=\"twitter:data1\" content=\"Ulrike Eschenbecher\" \/>\n\t<meta name=\"twitter:label2\" content=\"Gesch\u00e4tzte Lesezeit\" \/>\n\t<meta name=\"twitter:data2\" content=\"3\u00a0Minuten\" \/>\n<script type=\"application\/ld+json\" class=\"yoast-schema-graph\">{\"@context\":\"https:\/\/schema.org\",\"@graph\":[{\"@type\":\"WebPage\",\"@id\":\"https:\/\/www.homes-holiday.com\/de\/immobilienshop-portalsnous-mallorca\/\",\"url\":\"https:\/\/www.homes-holiday.com\/de\/immobilienshop-portalsnous-mallorca\/\",\"name\":\"Porta Mallorquina er\u00f6ffnet Immobilienshop in Portals Nous - Homes &amp; Holiday AG\",\"isPartOf\":{\"@id\":\"https:\/\/www.homes-holiday.com\/de\/#website\"},\"primaryImageOfPage\":{\"@id\":\"https:\/\/www.homes-holiday.com\/de\/immobilienshop-portalsnous-mallorca\/#primaryimage\"},\"image\":{\"@id\":\"https:\/\/www.homes-holiday.com\/de\/immobilienshop-portalsnous-mallorca\/#primaryimage\"},\"thumbnailUrl\":\"https:\/\/www.homes-holiday.com\/de\/wp-content\/uploads\/eroeffnung_portals_patricia_lozano_mm.jpg\",\"datePublished\":\"2018-06-20T08:56:30+00:00\",\"dateModified\":\"2018-06-20T10:09:36+00:00\",\"author\":{\"@id\":\"https:\/\/www.homes-holiday.com\/de\/#\/schema\/person\/5d75984bdaf4db548b611c0475e777b0\"},\"breadcrumb\":{\"@id\":\"https:\/\/www.homes-holiday.com\/de\/immobilienshop-portalsnous-mallorca\/#breadcrumb\"},\"inLanguage\":\"de\",\"potentialAction\":[{\"@type\":\"ReadAction\",\"target\":[\"https:\/\/www.homes-holiday.com\/de\/immobilienshop-portalsnous-mallorca\/\"]}]},{\"@type\":\"ImageObject\",\"inLanguage\":\"de\",\"@id\":\"https:\/\/www.homes-holiday.com\/de\/immobilienshop-portalsnous-mallorca\/#primaryimage\",\"url\":\"https:\/\/www.homes-holiday.com\/de\/wp-content\/uploads\/eroeffnung_portals_patricia_lozano_mm.jpg\",\"contentUrl\":\"https:\/\/www.homes-holiday.com\/de\/wp-content\/uploads\/eroeffnung_portals_patricia_lozano_mm.jpg\",\"width\":600,\"height\":400,\"caption\":\"Gro\u00dfer Andrang am Freitag auf der Hauptstra\u00dfe von Portals Nous. Zur Er\u00f6ffnung des Porta Mallorquina Immobilienshops kamen insgesamt rund 160 G\u00e4ste. Foto: Patrizia Lozano, Mallorca Magazin.\"},{\"@type\":\"BreadcrumbList\",\"@id\":\"https:\/\/www.homes-holiday.com\/de\/immobilienshop-portalsnous-mallorca\/#breadcrumb\",\"itemListElement\":[{\"@type\":\"ListItem\",\"position\":1,\"name\":\"Startseite\",\"item\":\"https:\/\/www.homes-holiday.com\/de\/\"},{\"@type\":\"ListItem\",\"position\":2,\"name\":\"Porta Mallorquina er\u00f6ffnet Immobilienshop in Portals Nous\"}]},{\"@type\":\"WebSite\",\"@id\":\"https:\/\/www.homes-holiday.com\/de\/#website\",\"url\":\"https:\/\/www.homes-holiday.com\/de\/\",\"name\":\"Homes &amp; Holiday AG\",\"description\":\"\",\"potentialAction\":[{\"@type\":\"SearchAction\",\"target\":{\"@type\":\"EntryPoint\",\"urlTemplate\":\"https:\/\/www.homes-holiday.com\/de\/?s={search_term_string}\"},\"query-input\":{\"@type\":\"PropertyValueSpecification\",\"valueRequired\":true,\"valueName\":\"search_term_string\"}}],\"inLanguage\":\"de\"},{\"@type\":\"Person\",\"@id\":\"https:\/\/www.homes-holiday.com\/de\/#\/schema\/person\/5d75984bdaf4db548b611c0475e777b0\",\"name\":\"Ulrike Eschenbecher\",\"url\":\"https:\/\/www.homes-holiday.com\/de\/author\/eschenbecher\/\"}]}<\/script>\n<!-- \/ Yoast SEO plugin. -->","yoast_head_json":{"title":"Porta Mallorquina er\u00f6ffnet Immobilienshop in Portals Nous - Homes &amp; Holiday AG","robots":{"index":"noindex","follow":"follow"},"og_locale":"de_DE","og_type":"article","og_title":"Porta Mallorquina er\u00f6ffnet Immobilienshop in Portals Nous - Homes &amp; Holiday AG","og_description":"Rund 160 G\u00e4ste kamen am Freitag, den 15. Juni 2018 in die Carreer Andratx Nummer 30, um bei strahlendem Wetter die offizielle Er\u00f6ffnung des Porta Mallorquina Immobilienshops in Portals Nous zu feiern. Franchisepartner Mirjana Antic und Timo Weibel waren begeistert von so viel positiver Resonanz: \u201eUnglaublich, wie viele heute zu uns gekommen sind, obwohl doch [&hellip;]","og_url":"https:\/\/www.homes-holiday.com\/de\/immobilienshop-portalsnous-mallorca\/","og_site_name":"Homes &amp; Holiday AG","article_published_time":"2018-06-20T08:56:30+00:00","article_modified_time":"2018-06-20T10:09:36+00:00","og_image":[{"url":"https:\/\/www.homes-holiday.com\/de\/wp-content\/uploads\/eroeffnung_portals_patricia_lozano_mm.jpg"}],"author":"Ulrike Eschenbecher","twitter_card":"summary_large_image","twitter_misc":{"Verfasst von":"Ulrike Eschenbecher","Gesch\u00e4tzte Lesezeit":"3\u00a0Minuten"},"schema":{"@context":"https:\/\/schema.org","@graph":[{"@type":"WebPage","@id":"https:\/\/www.homes-holiday.com\/de\/immobilienshop-portalsnous-mallorca\/","url":"https:\/\/www.homes-holiday.com\/de\/immobilienshop-portalsnous-mallorca\/","name":"Porta Mallorquina er\u00f6ffnet Immobilienshop in Portals Nous - Homes &amp; Holiday AG","isPartOf":{"@id":"https:\/\/www.homes-holiday.com\/de\/#website"},"primaryImageOfPage":{"@id":"https:\/\/www.homes-holiday.com\/de\/immobilienshop-portalsnous-mallorca\/#primaryimage"},"image":{"@id":"https:\/\/www.homes-holiday.com\/de\/immobilienshop-portalsnous-mallorca\/#primaryimage"},"thumbnailUrl":"https:\/\/www.homes-holiday.com\/de\/wp-content\/uploads\/eroeffnung_portals_patricia_lozano_mm.jpg","datePublished":"2018-06-20T08:56:30+00:00","dateModified":"2018-06-20T10:09:36+00:00","author":{"@id":"https:\/\/www.homes-holiday.com\/de\/#\/schema\/person\/5d75984bdaf4db548b611c0475e777b0"},"breadcrumb":{"@id":"https:\/\/www.homes-holiday.com\/de\/immobilienshop-portalsnous-mallorca\/#breadcrumb"},"inLanguage":"de","potentialAction":[{"@type":"ReadAction","target":["https:\/\/www.homes-holiday.com\/de\/immobilienshop-portalsnous-mallorca\/"]}]},{"@type":"ImageObject","inLanguage":"de","@id":"https:\/\/www.homes-holiday.com\/de\/immobilienshop-portalsnous-mallorca\/#primaryimage","url":"https:\/\/www.homes-holiday.com\/de\/wp-content\/uploads\/eroeffnung_portals_patricia_lozano_mm.jpg","contentUrl":"https:\/\/www.homes-holiday.com\/de\/wp-content\/uploads\/eroeffnung_portals_patricia_lozano_mm.jpg","width":600,"height":400,"caption":"Gro\u00dfer Andrang am Freitag auf der Hauptstra\u00dfe von Portals Nous. Zur Er\u00f6ffnung des Porta Mallorquina Immobilienshops kamen insgesamt rund 160 G\u00e4ste. Foto: Patrizia Lozano, Mallorca Magazin."},{"@type":"BreadcrumbList","@id":"https:\/\/www.homes-holiday.com\/de\/immobilienshop-portalsnous-mallorca\/#breadcrumb","itemListElement":[{"@type":"ListItem","position":1,"name":"Startseite","item":"https:\/\/www.homes-holiday.com\/de\/"},{"@type":"ListItem","position":2,"name":"Porta Mallorquina er\u00f6ffnet Immobilienshop in Portals Nous"}]},{"@type":"WebSite","@id":"https:\/\/www.homes-holiday.com\/de\/#website","url":"https:\/\/www.homes-holiday.com\/de\/","name":"Homes &amp; Holiday AG","description":"","potentialAction":[{"@type":"SearchAction","target":{"@type":"EntryPoint","urlTemplate":"https:\/\/www.homes-holiday.com\/de\/?s={search_term_string}"},"query-input":{"@type":"PropertyValueSpecification","valueRequired":true,"valueName":"search_term_string"}}],"inLanguage":"de"},{"@type":"Person","@id":"https:\/\/www.homes-holiday.com\/de\/#\/schema\/person\/5d75984bdaf4db548b611c0475e777b0","name":"Ulrike Eschenbecher","url":"https:\/\/www.homes-holiday.com\/de\/author\/eschenbecher\/"}]}},"_links":{"self":[{"href":"https:\/\/www.homes-holiday.com\/de\/wp-json\/wp\/v2\/posts\/10979"}],"collection":[{"href":"https:\/\/www.homes-holiday.com\/de\/wp-json\/wp\/v2\/posts"}],"about":[{"href":"https:\/\/www.homes-holiday.com\/de\/wp-json\/wp\/v2\/types\/post"}],"author":[{"embeddable":true,"href":"https:\/\/www.homes-holiday.com\/de\/wp-json\/wp\/v2\/users\/2"}],"replies":[{"embeddable":true,"href":"https:\/\/www.homes-holiday.com\/de\/wp-json\/wp\/v2\/comments?post=10979"}],"version-history":[{"count":4,"href":"https:\/\/www.homes-holiday.com\/de\/wp-json\/wp\/v2\/posts\/10979\/revisions"}],"predecessor-version":[{"id":10984,"href":"https:\/\/www.homes-holiday.com\/de\/wp-json\/wp\/v2\/posts\/10979\/revisions\/10984"}],"wp:attachment":[{"href":"https:\/\/www.homes-holiday.com\/de\/wp-json\/wp\/v2\/media?parent=10979"}],"wp:term":[{"taxonomy":"category","embeddable":true,"href":"https:\/\/www.homes-holiday.com\/de\/wp-json\/wp\/v2\/categories?post=10979"},{"taxonomy":"post_tag","embeddable":true,"href":"https:\/\/www.homes-holiday.com\/de\/wp-json\/wp\/v2\/tags?post=10979"}],"curies":[{"name":"wp","href":"https:\/\/api.w.org\/{rel}","templated":true}]}}